{"id":17704,"date":"2012-05-10T11:21:10","date_gmt":"2012-05-10T14:21:10","guid":{"rendered":"http:\/\/www.locoxelrojo.com.ar\/independiente\/?p=17704"},"modified":"2015-09-24T21:34:43","modified_gmt":"2015-09-25T00:34:43","slug":"concentrados-ante-all-boys","status":"publish","type":"post","link":"https:\/\/www.locoxelrojo.com\/independiente\/2012\/05\/10\/concentrados-ante-all-boys\/","title":{"rendered":"Concentrados vs. All Boys"},"content":{"rendered":"<p><a href=\"http:\/\/www.locoxelrojo.com.ar\/independiente\/wp-content\/uploads\/2012\/05\/44.jpg\"><img loading=\"lazy\" class=\"alignnone size-full wp-image-17705\" title=\"44\" src=\"http:\/\/www.locoxelrojo.com.ar\/independiente\/wp-content\/uploads\/2012\/05\/44.jpg\" alt=\"\" width=\"590\" height=\"315\" srcset=\"https:\/\/locoxelrojo.com\/independiente\/wp-content\/uploads\/2012\/05\/44.jpg 590w, https:\/\/locoxelrojo.com\/independiente\/wp-content\/uploads\/2012\/05\/44-300x160.jpg 300w\" sizes=\"(max-width: 590px) 100vw, 590px\" \/><\/a><\/p>\n<p>Esta ma\u00f1ana se dio a conocer la lista de concentrados y hay varias novedades.<strong> Eduardo Tuzzio, que se encontraba con molestias en el aductor, finalmente concentrar\u00e1. Quienes no fueron inclu\u00eddos en la n\u00f3mina son Gabriel Milito, Hern\u00e1n Fredes y Roberto Batti\u00f3n.<\/strong><\/p>\n<p>Concentrados: <strong>Adri\u00e1n Gabbarini, Diego Rodr\u00edguez, Carlos Matheu, Leonel Galeano, Eduardo Tuzzio, Gabriel Vall\u00e9s, Adri\u00e1n Argach\u00e1, Osmar Ferreyra; Fabi\u00e1n Monserrat, Fernando Godoy, Lucas Villafa\u00f1ez, Cristian Pellerano, Iv\u00e1n P\u00e9rez, Walter Busse, Patricio Rodr\u00edguez, Patricio Vidal, Facundo Parra, Ernesto Far\u00edas, Francisco Pizzini y Mart\u00edn Ben\u00edtez.<\/strong><\/p>\n","protected":false},"excerpt":{"rendered":"<p>Esta ma\u00f1ana se dio a conocer la lista de concentrados y hay varias novedades. Eduardo Tuzzio, que se encontraba con molestias en el aductor, finalmente concentrar\u00e1. Quienes no fueron inclu\u00eddos en la n\u00f3mina son Gabriel Milito, Hern\u00e1n Fredes y Roberto Batti\u00f3n. Concentrados: Adri\u00e1n Gabbarini, Diego Rodr\u00edguez, Carlos Matheu, Leonel Galeano, Eduardo Tuzzio, Gabriel Vall\u00e9s, Adri\u00e1n [&hellip;]<\/p>\n","protected":false},"author":11,"featured_media":0,"comment_status":"open","ping_status":"open","sticky":false,"template":"","format":"standard","meta":{"_links_to":"","_links_to_target":""},"categories":[3,1],"tags":[1256,153,3035],"_links":{"self":[{"href":"https:\/\/www.locoxelrojo.com\/independiente\/wp-json\/wp\/v2\/posts\/17704"}],"collection":[{"href":"https:\/\/www.locoxelrojo.com\/independiente\/wp-json\/wp\/v2\/posts"}],"about":[{"href":"https:\/\/www.locoxelrojo.com\/independiente\/wp-json\/wp\/v2\/types\/post"}],"author":[{"embeddable":true,"href":"https:\/\/www.locoxelrojo.com\/independiente\/wp-json\/wp\/v2\/users\/11"}],"replies":[{"embeddable":true,"href":"https:\/\/www.locoxelrojo.com\/independiente\/wp-json\/wp\/v2\/comments?post=17704"}],"version-history":[{"count":0,"href":"https:\/\/www.locoxelrojo.com\/independiente\/wp-json\/wp\/v2\/posts\/17704\/revisions"}],"wp:attachment":[{"href":"https:\/\/www.locoxelrojo.com\/independiente\/wp-json\/wp\/v2\/media?parent=17704"}],"wp:term":[{"taxonomy":"category","embeddable":true,"href":"https:\/\/www.locoxelrojo.com\/independiente\/wp-json\/wp\/v2\/categories?post=17704"},{"taxonomy":"post_tag","embeddable":true,"href":"https:\/\/www.locoxelrojo.com\/independiente\/wp-json\/wp\/v2\/tags?post=17704"}],"curies":[{"name":"wp","href":"https:\/\/api.w.org\/{rel}","templated":true}]}}