{"id":17711,"date":"2012-05-10T12:09:57","date_gmt":"2012-05-10T15:09:57","guid":{"rendered":"http:\/\/www.locoxelrojo.com.ar\/independiente\/?p=17711"},"modified":"2012-05-10T12:09:57","modified_gmt":"2012-05-10T15:09:57","slug":"p-rodriguez-nos-jugamos-mucho","status":"publish","type":"post","link":"https:\/\/www.locoxelrojo.com\/independiente\/2012\/05\/10\/p-rodriguez-nos-jugamos-mucho\/","title":{"rendered":"P. Rodr\u00edguez: &#8220;Nos jugamos mucho&#8221;"},"content":{"rendered":"<p><a href=\"http:\/\/www.locoxelrojo.com.ar\/independiente\/wp-content\/uploads\/2012\/05\/63.jpg\"><img loading=\"lazy\" class=\"alignnone size-full wp-image-17712\" title=\"63\" src=\"http:\/\/www.locoxelrojo.com.ar\/independiente\/wp-content\/uploads\/2012\/05\/63.jpg\" alt=\"\" width=\"590\" height=\"315\" srcset=\"https:\/\/locoxelrojo.com\/independiente\/wp-content\/uploads\/2012\/05\/63.jpg 590w, https:\/\/locoxelrojo.com\/independiente\/wp-content\/uploads\/2012\/05\/63-300x160.jpg 300w\" sizes=\"(max-width: 590px) 100vw, 590px\" \/><\/a><\/p>\n<p>Patricio Rodr\u00edguez dialog\u00f3 este mediod\u00eda en Fox Sports tras el entrenamiento y manifest\u00f3 <strong>que el equipo se juega mucho en los pr\u00f3ximos partidos por el bajo promedio de la temporada que viene. <\/strong>Adem\u00e1s, habl\u00f3 del conflicto con la barra: <strong>&#8220;El tema con la barra lo vivimos muy al margen, pero sabemos lo que pasa&#8221;.<\/strong><\/p>\n<p><strong>&#8220;Nosotros nos jugamos mucho. Si no sacamos varios puntos de ac\u00e1 al final va a ser complicado el pr\u00f3ximo a\u00f1o. Tenemos que pensar en el torneo que viene y sacar muchos puntos para estar tranquilos&#8221;<\/strong>, expres\u00f3 el Patito.<\/p>\n<p>Respecto del conflicto entre el presidente y la barra brava, cont\u00f3 que el plantel trata de mantenerse alejado: <strong>&#8220;El tema con la barra lo vivimos muy al margen, pero de todas formas sabemos lo que pasa. El presidente es hincha y la barra tambi\u00e9n. Tienen su disputa, pero creo que todos luchan por el bien del club&#8221;.<\/strong><\/p>\n<p>Finalmente se refiri\u00f3 a la gran mejor\u00eda que mostr\u00f3 Independiente desde que esta Cristian D\u00edaz: <strong>&#8220;La tranquilidad la dan los resultados y la buena im\u00e1gen que le dimos a la gente en esos partidos. Tenemos buen juego, somos ordenados e intentamos jugar al f\u00fatbol&#8221;.<\/strong><\/p>\n","protected":false},"excerpt":{"rendered":"<p>Patricio Rodr\u00edguez dialog\u00f3 este mediod\u00eda en Fox Sports tras el entrenamiento y manifest\u00f3 que el equipo se juega mucho en los pr\u00f3ximos partidos por el bajo promedio de la temporada que viene. Adem\u00e1s, habl\u00f3 del conflicto con la barra: &#8220;El tema con la barra lo vivimos muy al margen, pero sabemos lo que pasa&#8221;. &#8220;Nosotros [&hellip;]<\/p>\n","protected":false},"author":11,"featured_media":0,"comment_status":"open","ping_status":"open","sticky":false,"template":"","format":"standard","meta":{"_links_to":"","_links_to_target":""},"categories":[3,1],"tags":[1000,188,350,173,723,41],"_links":{"self":[{"href":"https:\/\/www.locoxelrojo.com\/independiente\/wp-json\/wp\/v2\/posts\/17711"}],"collection":[{"href":"https:\/\/www.locoxelrojo.com\/independiente\/wp-json\/wp\/v2\/posts"}],"about":[{"href":"https:\/\/www.locoxelrojo.com\/independiente\/wp-json\/wp\/v2\/types\/post"}],"author":[{"embeddable":true,"href":"https:\/\/www.locoxelrojo.com\/independiente\/wp-json\/wp\/v2\/users\/11"}],"replies":[{"embeddable":true,"href":"https:\/\/www.locoxelrojo.com\/independiente\/wp-json\/wp\/v2\/comments?post=17711"}],"version-history":[{"count":0,"href":"https:\/\/www.locoxelrojo.com\/independiente\/wp-json\/wp\/v2\/posts\/17711\/revisions"}],"wp:attachment":[{"href":"https:\/\/www.locoxelrojo.com\/independiente\/wp-json\/wp\/v2\/media?parent=17711"}],"wp:term":[{"taxonomy":"category","embeddable":true,"href":"https:\/\/www.locoxelrojo.com\/independiente\/wp-json\/wp\/v2\/categories?post=17711"},{"taxonomy":"post_tag","embeddable":true,"href":"https:\/\/www.locoxelrojo.com\/independiente\/wp-json\/wp\/v2\/tags?post=17711"}],"curies":[{"name":"wp","href":"https:\/\/api.w.org\/{rel}","templated":true}]}}