{"id":17720,"date":"2012-05-10T23:46:40","date_gmt":"2012-05-11T02:46:40","guid":{"rendered":"http:\/\/www.locoxelrojo.com.ar\/independiente\/?p=17720"},"modified":"2015-09-24T21:35:48","modified_gmt":"2015-09-25T00:35:48","slug":"con-milito-perdemos-al-referente","status":"publish","type":"post","link":"https:\/\/www.locoxelrojo.com\/independiente\/2012\/05\/10\/con-milito-perdemos-al-referente\/","title":{"rendered":"Far\u00edas: &#8220;Con Milito perdemos al referente&#8221;"},"content":{"rendered":"<p><a href=\"http:\/\/www.locoxelrojo.com.ar\/independiente\/wp-content\/uploads\/2012\/05\/ernesto_Farias.jpg\"><img loading=\"lazy\" class=\"alignnone size-full wp-image-17721\" title=\"ernesto_Farias\" src=\"http:\/\/www.locoxelrojo.com.ar\/independiente\/wp-content\/uploads\/2012\/05\/ernesto_Farias.jpg\" alt=\"\" width=\"590\" height=\"315\" srcset=\"https:\/\/locoxelrojo.com\/independiente\/wp-content\/uploads\/2012\/05\/ernesto_Farias.jpg 590w, https:\/\/locoxelrojo.com\/independiente\/wp-content\/uploads\/2012\/05\/ernesto_Farias-300x160.jpg 300w\" sizes=\"(max-width: 590px) 100vw, 590px\" \/><\/a><\/p>\n<p><strong>Ernesto Far\u00edas<\/strong> asumi\u00f3 el mal juego en Sarand\u00ed y reclam\u00f3 los 3 puntos frente a All Boys. Adem\u00e1s, destac\u00f3 quees autoexigente y tiene mucho m\u00e1s por dar en Independiente. <strong>&#8220;Quiero mejorar el juego y hacer m\u00e1s goles para el equipo. Con Milito perdemos al referente<\/strong>&#8220;, sostuvo en di\u00e1logo con Radio Cooperativa.<\/p>\n<p>Luego, interpret\u00f3 la derrota de la semana pasada frente a Arsenal. &#8220;<strong>No defendimos bien las pelotas paradas y nos cost\u00f3 llegar al arco en el 1er tiempo, hay que corregirlo. No perdimos por el \u00e1rbitro, esperamos levantar la producci\u00f3n de Arsenal contra All Boys&#8221;<\/strong>, asever\u00f3. Y agreg\u00f3: <strong>&#8220;va a ser un rival duro y combativo porque saben a lo que juegan&#8221;.<\/strong><\/p>\n<p>Por \u00faltimo, se plante\u00f3 objetivos de cara a su futuro en el club. &#8220;<strong>Nunca me conformo con lo que hago<\/strong>&#8220;, confes\u00f3. Y concluy\u00f3:<strong> &#8220;Quiero mejorar en lo personal para darle m\u00e1s al equipo y al grupo.&#8221;<\/strong><\/p>\n","protected":false},"excerpt":{"rendered":"<p>Ernesto Far\u00edas asumi\u00f3 el mal juego en Sarand\u00ed y reclam\u00f3 los 3 puntos frente a All Boys. Adem\u00e1s, destac\u00f3 quees autoexigente y tiene mucho m\u00e1s por dar en Independiente. &#8220;Quiero mejorar el juego y hacer m\u00e1s goles para el equipo. Con Milito perdemos al referente&#8220;, sostuvo en di\u00e1logo con Radio Cooperativa. Luego, interpret\u00f3 la derrota [&hellip;]<\/p>\n","protected":false},"author":1,"featured_media":0,"comment_status":"open","ping_status":"open","sticky":false,"template":"","format":"standard","meta":{"_links_to":"","_links_to_target":""},"categories":[3,1],"tags":[156,543,153,946,42,1255],"_links":{"self":[{"href":"https:\/\/www.locoxelrojo.com\/independiente\/wp-json\/wp\/v2\/posts\/17720"}],"collection":[{"href":"https:\/\/www.locoxelrojo.com\/independiente\/wp-json\/wp\/v2\/posts"}],"about":[{"href":"https:\/\/www.locoxelrojo.com\/independiente\/wp-json\/wp\/v2\/types\/post"}],"author":[{"embeddable":true,"href":"https:\/\/www.locoxelrojo.com\/independiente\/wp-json\/wp\/v2\/users\/1"}],"replies":[{"embeddable":true,"href":"https:\/\/www.locoxelrojo.com\/independiente\/wp-json\/wp\/v2\/comments?post=17720"}],"version-history":[{"count":0,"href":"https:\/\/www.locoxelrojo.com\/independiente\/wp-json\/wp\/v2\/posts\/17720\/revisions"}],"wp:attachment":[{"href":"https:\/\/www.locoxelrojo.com\/independiente\/wp-json\/wp\/v2\/media?parent=17720"}],"wp:term":[{"taxonomy":"category","embeddable":true,"href":"https:\/\/www.locoxelrojo.com\/independiente\/wp-json\/wp\/v2\/categories?post=17720"},{"taxonomy":"post_tag","embeddable":true,"href":"https:\/\/www.locoxelrojo.com\/independiente\/wp-json\/wp\/v2\/tags?post=17720"}],"curies":[{"name":"wp","href":"https:\/\/api.w.org\/{rel}","templated":true}]}}