{"id":17845,"date":"2012-05-14T20:30:38","date_gmt":"2012-05-14T23:30:38","guid":{"rendered":"http:\/\/www.locoxelrojo.com.ar\/independiente\/?p=17845"},"modified":"2012-05-14T20:30:38","modified_gmt":"2012-05-14T23:30:38","slug":"s-rodriguez-ivan-perez-y-nieva-van-a-triunfar","status":"publish","type":"post","link":"https:\/\/www.locoxelrojo.com\/independiente\/2012\/05\/14\/s-rodriguez-ivan-perez-y-nieva-van-a-triunfar\/","title":{"rendered":"S. Rodr\u00edguez: &#8220;Iv\u00e1n P\u00e9rez y Nieva van a triunfar&#8221;"},"content":{"rendered":"<p><a href=\"http:\/\/www.locoxelrojo.com.ar\/independiente\/wp-content\/uploads\/2012\/05\/64.jpg\"><img loading=\"lazy\" class=\"alignnone size-full wp-image-17846\" title=\"64\" src=\"http:\/\/www.locoxelrojo.com.ar\/independiente\/wp-content\/uploads\/2012\/05\/64.jpg\" alt=\"\" width=\"590\" height=\"315\" srcset=\"https:\/\/locoxelrojo.com\/independiente\/wp-content\/uploads\/2012\/05\/64.jpg 590w, https:\/\/locoxelrojo.com\/independiente\/wp-content\/uploads\/2012\/05\/64-300x160.jpg 300w\" sizes=\"(max-width: 590px) 100vw, 590px\" \/><\/a><\/p>\n<p>El entrenador de la reserva de Independiente, Santiago Rodr\u00edguez, dialog\u00f3 esta tarde con Paladar Rojo y expres\u00f3 <strong>que &#8220;Iv\u00e1n P\u00e9rez y Brian Nieva van a triunfar en primera&#8221;. Tambi\u00e9n habl\u00f3 de lo que necesita un juvenil antes de subir a primera.<\/strong><\/p>\n<p><strong>&#8220;No tengo dudas de que Iv\u00e1n P\u00e9rez y Brian Nieva van a triunfar en la primera del club. Iv\u00e1n el otro d\u00eda jug\u00f3 muy bien, un gran partido&#8221;<\/strong>, cont\u00f3 el director t\u00e9cnico.<\/p>\n<p>En cuanto a la cantidad de j\u00f3venes que hoy en d\u00eda suben a primera en los clubes fue claro:<strong> &#8220;Cuando un chico de inferiores llega a primera debe estar mental y f\u00edsicamente preparado&#8221;.<\/strong><\/p>\n<p>Finalmente opin\u00f3 sobre el rendimiento de Roberto Batti\u00f3n en la reserva: <strong>&#8220;Batti\u00f3n se movi\u00f3 bien, le cost\u00f3 acomodarse en los primeros minutos, pero termin\u00f3 realizando una buena labor&#8221;.<\/strong><\/p>\n","protected":false},"excerpt":{"rendered":"<p>El entrenador de la reserva de Independiente, Santiago Rodr\u00edguez, dialog\u00f3 esta tarde con Paladar Rojo y expres\u00f3 que &#8220;Iv\u00e1n P\u00e9rez y Brian Nieva van a triunfar en primera&#8221;. Tambi\u00e9n habl\u00f3 de lo que necesita un juvenil antes de subir a primera. &#8220;No tengo dudas de que Iv\u00e1n P\u00e9rez y Brian Nieva van a triunfar en [&hellip;]<\/p>\n","protected":false},"author":11,"featured_media":0,"comment_status":"open","ping_status":"open","sticky":false,"template":"","format":"standard","meta":{"_links_to":"","_links_to_target":""},"categories":[3,1],"tags":[124,173,187,775,3270,31,1346],"_links":{"self":[{"href":"https:\/\/www.locoxelrojo.com\/independiente\/wp-json\/wp\/v2\/posts\/17845"}],"collection":[{"href":"https:\/\/www.locoxelrojo.com\/independiente\/wp-json\/wp\/v2\/posts"}],"about":[{"href":"https:\/\/www.locoxelrojo.com\/independiente\/wp-json\/wp\/v2\/types\/post"}],"author":[{"embeddable":true,"href":"https:\/\/www.locoxelrojo.com\/independiente\/wp-json\/wp\/v2\/users\/11"}],"replies":[{"embeddable":true,"href":"https:\/\/www.locoxelrojo.com\/independiente\/wp-json\/wp\/v2\/comments?post=17845"}],"version-history":[{"count":0,"href":"https:\/\/www.locoxelrojo.com\/independiente\/wp-json\/wp\/v2\/posts\/17845\/revisions"}],"wp:attachment":[{"href":"https:\/\/www.locoxelrojo.com\/independiente\/wp-json\/wp\/v2\/media?parent=17845"}],"wp:term":[{"taxonomy":"category","embeddable":true,"href":"https:\/\/www.locoxelrojo.com\/independiente\/wp-json\/wp\/v2\/categories?post=17845"},{"taxonomy":"post_tag","embeddable":true,"href":"https:\/\/www.locoxelrojo.com\/independiente\/wp-json\/wp\/v2\/tags?post=17845"}],"curies":[{"name":"wp","href":"https:\/\/api.w.org\/{rel}","templated":true}]}}