{"id":17848,"date":"2012-05-15T00:56:50","date_gmt":"2012-05-15T03:56:50","guid":{"rendered":"http:\/\/www.locoxelrojo.com.ar\/independiente\/?p=17848"},"modified":"2012-05-15T00:56:50","modified_gmt":"2012-05-15T03:56:50","slug":"no-hay-propuesta-formal-por-patricio-rodriguez","status":"publish","type":"post","link":"https:\/\/www.locoxelrojo.com\/independiente\/2012\/05\/15\/no-hay-propuesta-formal-por-patricio-rodriguez\/","title":{"rendered":"&#8220;No hay propuesta formal por Patricio Rodr\u00edguez&#8221;"},"content":{"rendered":"<p><a href=\"http:\/\/www.locoxelrojo.com.ar\/independiente\/wp-content\/uploads\/2012\/05\/patricio_rodriguez.jpg\"><img loading=\"lazy\" class=\"alignnone size-full wp-image-17849\" title=\"patricio_rodriguez\" src=\"http:\/\/www.locoxelrojo.com.ar\/independiente\/wp-content\/uploads\/2012\/05\/patricio_rodriguez.jpg\" alt=\"\" width=\"590\" height=\"315\" srcset=\"https:\/\/locoxelrojo.com\/independiente\/wp-content\/uploads\/2012\/05\/patricio_rodriguez.jpg 590w, https:\/\/locoxelrojo.com\/independiente\/wp-content\/uploads\/2012\/05\/patricio_rodriguez-300x160.jpg 300w\" sizes=\"(max-width: 590px) 100vw, 590px\" \/><\/a><\/p>\n<p><strong>Luis Rodr\u00edguez, Padre de Patricio Rodr\u00edguez, descart\u00f3 que el diez tenga ofertas del exterior para continuar su carrera.<\/strong> Si bien se hablaba del mercado brasilero para la copa Libertadores, su representante descart\u00f3 dicho inter\u00e9s. &#8220;<strong>No hay ninguna propuesta formal por Patricio&#8221;<\/strong>, sostuvo en di\u00e1logo con el programa partidario M\u00e1s Rojo.<\/p>\n<p>Luego, admiti\u00f3 que la cotizaci\u00f3n impuesta por la anterior comisi\u00f3n directiva era elevada para que el jugador deje el club. <strong>&#8220;El precio que pusieron los dirigentes anteriores es excesivo para el mercado actual&#8221;<\/strong>, asegur\u00f3. De todas formas, describi\u00f3 que el jugador se qued\u00f3 en el club por la competencia internacional. <strong>&#8220;Pato se qued\u00f3 para jugar las copas&#8221;<\/strong>, enfatiz\u00f3.<\/p>\n<p>Por \u00faltimo, elogi\u00f3 a la actual dirigencia.<strong> &#8220;Cantero me parece una buena persona<\/strong>&#8220;, interpret\u00f3. El jugador<strong> disput\u00f3 110 partidos con la camiseta de Independiente -92 por torneos locales y 18 por copas- y marc\u00f3 8 goles. <\/strong><\/p>\n","protected":false},"excerpt":{"rendered":"<p>Luis Rodr\u00edguez, Padre de Patricio Rodr\u00edguez, descart\u00f3 que el diez tenga ofertas del exterior para continuar su carrera. Si bien se hablaba del mercado brasilero para la copa Libertadores, su representante descart\u00f3 dicho inter\u00e9s. &#8220;No hay ninguna propuesta formal por Patricio&#8221;, sostuvo en di\u00e1logo con el programa partidario M\u00e1s Rojo. Luego, admiti\u00f3 que la cotizaci\u00f3n [&hellip;]<\/p>\n","protected":false},"author":1,"featured_media":0,"comment_status":"open","ping_status":"open","sticky":false,"template":"","format":"standard","meta":{"_links_to":"","_links_to_target":""},"categories":[3,1],"tags":[153,723,149,41],"_links":{"self":[{"href":"https:\/\/www.locoxelrojo.com\/independiente\/wp-json\/wp\/v2\/posts\/17848"}],"collection":[{"href":"https:\/\/www.locoxelrojo.com\/independiente\/wp-json\/wp\/v2\/posts"}],"about":[{"href":"https:\/\/www.locoxelrojo.com\/independiente\/wp-json\/wp\/v2\/types\/post"}],"author":[{"embeddable":true,"href":"https:\/\/www.locoxelrojo.com\/independiente\/wp-json\/wp\/v2\/users\/1"}],"replies":[{"embeddable":true,"href":"https:\/\/www.locoxelrojo.com\/independiente\/wp-json\/wp\/v2\/comments?post=17848"}],"version-history":[{"count":0,"href":"https:\/\/www.locoxelrojo.com\/independiente\/wp-json\/wp\/v2\/posts\/17848\/revisions"}],"wp:attachment":[{"href":"https:\/\/www.locoxelrojo.com\/independiente\/wp-json\/wp\/v2\/media?parent=17848"}],"wp:term":[{"taxonomy":"category","embeddable":true,"href":"https:\/\/www.locoxelrojo.com\/independiente\/wp-json\/wp\/v2\/categories?post=17848"},{"taxonomy":"post_tag","embeddable":true,"href":"https:\/\/www.locoxelrojo.com\/independiente\/wp-json\/wp\/v2\/tags?post=17848"}],"curies":[{"name":"wp","href":"https:\/\/api.w.org\/{rel}","templated":true}]}}