{"id":17998,"date":"2012-05-20T17:59:56","date_gmt":"2012-05-20T20:59:56","guid":{"rendered":"http:\/\/www.locoxelrojo.com.ar\/independiente\/?p=17998"},"modified":"2015-09-24T21:59:34","modified_gmt":"2015-09-25T00:59:34","slug":"cantero-%e2%80%9cla-barra-es-un-problema-menor-que-no-tiene-ninguna-importancia%e2%80%9d","status":"publish","type":"post","link":"https:\/\/www.locoxelrojo.com\/independiente\/2012\/05\/20\/cantero-%e2%80%9cla-barra-es-un-problema-menor-que-no-tiene-ninguna-importancia%e2%80%9d\/","title":{"rendered":"Cantero: \u201cLa barra es un problema menor que no tiene ninguna importancia\u201d"},"content":{"rendered":"<p><a href=\"http:\/\/www.locoxelrojo.com.ar\/independiente\/wp-content\/uploads\/2012\/05\/jcantero.jpg\"><img loading=\"lazy\" class=\"alignnone size-full wp-image-18000\" title=\"jcantero\" src=\"http:\/\/www.locoxelrojo.com.ar\/independiente\/wp-content\/uploads\/2012\/05\/jcantero.jpg\" alt=\"\" width=\"590\" height=\"315\" srcset=\"https:\/\/locoxelrojo.com\/independiente\/wp-content\/uploads\/2012\/05\/jcantero.jpg 590w, https:\/\/locoxelrojo.com\/independiente\/wp-content\/uploads\/2012\/05\/jcantero-300x160.jpg 300w\" sizes=\"(max-width: 590px) 100vw, 590px\" \/><\/a><\/p>\n<p>Al t\u00e9rmino del partido en Bah\u00eda Blanca donde Independiente perdi\u00f3 de visitante frente a Olimpo por 2 a 1, el Presidente del Rojo Javier Cantero fue el \u00fanico que dialog\u00f3 con la prensa. <strong>En una nota exclusiva para el programa &#8220;Rojos de Pasi\u00f3n&#8221; por Am 1400 se mostr\u00f3 muy preocupado por las derrotas en los \u00faltimos partidos, desminti\u00f3 el rumor del premio doble que se le habr\u00eda ofrecido al plantel para ganar este partido y minimiz\u00f3 el conflicto con La Barra del Rojo.<\/strong><\/p>\n<p><strong>&#8220;Son muchos puntos que estamos perdiendo, m\u00e1s que preocuparme tengo que ocuparme&#8221;<\/strong>, reconoci\u00f3 el pope del Rojo, quien tambi\u00e9n es Presidente de la Subcomisi\u00f3n de F\u00fatbol, que ser\u00e1 la encargada de armar el equipo para la pr\u00f3xima temporada: <strong>&#8220;voy a hablar con el t\u00e9cnico y decidiremos entre todos&#8221;<\/strong>.<\/p>\n<p>Cristi\u00e1n D\u00edaz se retir\u00f3 del vestuario sin dar declaraciones y lo mismo hicieron sus dirigidos. Todos quedaron muy golpeados por el presente del equipo, seg\u00fan cont\u00f3 el propio Cantero: <strong>&#8220;el entrenador no dialoga porque no es el momento, Cristian D\u00edaz est\u00e1 mal y no tiene ganas de hablar. Los muchachos est\u00e1n muy dolidos por la derrota&#8221;<\/strong>. Tambi\u00e9n se encarg\u00f3 de aclarar que no existi\u00f3 un plus extra para ganarle a Olimpo: <strong>&#8220;hoy no hab\u00eda premio doble&#8221;<\/strong>.<\/p>\n<p>Por \u00faltimo desligo a La Barra sobre el mal presente futbol\u00edstico del plantel, esto se debe al rumor que hay circulando donde cuentan que Bebote y sus muchachos amenazaron a varios jugadores para que no ganen. <strong>&#8220;Esto no tiene nada que ver, hoy ser\u00edan 50 tipos en la tribuna, la Barra Brava es un problema menor que no tiene ninguna importancia&#8221;<\/strong>, cerr\u00f3.<\/p>\n","protected":false},"excerpt":{"rendered":"<p>Al t\u00e9rmino del partido en Bah\u00eda Blanca donde Independiente perdi\u00f3 de visitante frente a Olimpo por 2 a 1, el Presidente del Rojo Javier Cantero fue el \u00fanico que dialog\u00f3 con la prensa. En una nota exclusiva para el programa &#8220;Rojos de Pasi\u00f3n&#8221; por Am 1400 se mostr\u00f3 muy preocupado por las derrotas en los [&hellip;]<\/p>\n","protected":false},"author":1,"featured_media":0,"comment_status":"open","ping_status":"open","sticky":false,"template":"","format":"standard","meta":{"_links_to":"","_links_to_target":""},"categories":[3,1],"tags":[1256,153,188,723,196,179,1088],"_links":{"self":[{"href":"https:\/\/www.locoxelrojo.com\/independiente\/wp-json\/wp\/v2\/posts\/17998"}],"collection":[{"href":"https:\/\/www.locoxelrojo.com\/independiente\/wp-json\/wp\/v2\/posts"}],"about":[{"href":"https:\/\/www.locoxelrojo.com\/independiente\/wp-json\/wp\/v2\/types\/post"}],"author":[{"embeddable":true,"href":"https:\/\/www.locoxelrojo.com\/independiente\/wp-json\/wp\/v2\/users\/1"}],"replies":[{"embeddable":true,"href":"https:\/\/www.locoxelrojo.com\/independiente\/wp-json\/wp\/v2\/comments?post=17998"}],"version-history":[{"count":0,"href":"https:\/\/www.locoxelrojo.com\/independiente\/wp-json\/wp\/v2\/posts\/17998\/revisions"}],"wp:attachment":[{"href":"https:\/\/www.locoxelrojo.com\/independiente\/wp-json\/wp\/v2\/media?parent=17998"}],"wp:term":[{"taxonomy":"category","embeddable":true,"href":"https:\/\/www.locoxelrojo.com\/independiente\/wp-json\/wp\/v2\/categories?post=17998"},{"taxonomy":"post_tag","embeddable":true,"href":"https:\/\/www.locoxelrojo.com\/independiente\/wp-json\/wp\/v2\/tags?post=17998"}],"curies":[{"name":"wp","href":"https:\/\/api.w.org\/{rel}","templated":true}]}}