{"id":18012,"date":"2012-05-21T22:48:53","date_gmt":"2012-05-22T01:48:53","guid":{"rendered":"http:\/\/www.locoxelrojo.com.ar\/independiente\/?p=18012"},"modified":"2012-05-22T11:35:15","modified_gmt":"2012-05-22T14:35:15","slug":"keblaitis-tendra-licencia-por-30-dias","status":"publish","type":"post","link":"https:\/\/www.locoxelrojo.com\/independiente\/2012\/05\/21\/keblaitis-tendra-licencia-por-30-dias\/","title":{"rendered":"Keblaitis tendr\u00e1 licencia por 30 d\u00edas"},"content":{"rendered":"<p><a href=\"http:\/\/www.locoxelrojo.com.ar\/independiente\/wp-content\/uploads\/2012\/05\/69.jpg\"><img loading=\"lazy\" class=\"alignnone size-full wp-image-18037\" title=\"69\" src=\"http:\/\/www.locoxelrojo.com.ar\/independiente\/wp-content\/uploads\/2012\/05\/69.jpg\" alt=\"\" width=\"590\" height=\"315\" srcset=\"https:\/\/locoxelrojo.com\/independiente\/wp-content\/uploads\/2012\/05\/69.jpg 590w, https:\/\/locoxelrojo.com\/independiente\/wp-content\/uploads\/2012\/05\/69-300x160.jpg 300w\" sizes=\"(max-width: 590px) 100vw, 590px\" \/><\/a><\/p>\n<p><strong>Claudio Keblaitis<\/strong>, vicepresidente 2\u00b0 de Independiente, anunci\u00f3 en su cuenta de Twitter que <strong>se tomar\u00e1 un mes de licencia para analizar si sigue o no en su cargo por no tener la seguridad personal necesaria para \u00e9l y su familia.<\/strong> El \u00faltimo viernes denunci\u00f3 denuncias de muerte an\u00f3nimas.<\/p>\n<p><strong>&#8220;En principio voy a tomar una licencia por 30 dias. Si hay apoyo. Veremos. Esto es muy dificil para mi<\/strong>&#8220;, explic\u00f3 el historiador en la red social. Antes de reunirse con sus pares de comisi\u00f3n directiva, en\u00a0el programa radial La Visera, Keblaitis hab\u00eda declarado que <strong>ante el pedido y las l\u00e1grimas \u00a0de sus dos hijas iba a presentar la renuncia \u201cde manera indeclinable\u201d. <\/strong><\/p>\n<p>Keblaitis hab\u00eda expuesto: <strong>\u201cLa verdad es que estoy pasando malos d\u00edas, no estoy bien, en lo particular esto me est\u00e1 destruyendo. Ho hay vuelta atr\u00e1s, es mi gran fracaso.\u00a0No hay nada que me convenza seguir, no tuve ninguna resoluci\u00f3n ni alg\u00fan camino que me haga cambiar de opini\u00f3n&#8221;<\/strong>. Sin embargo, sus pares de comisi\u00f3n lo hicieron cambiar de pensamiento.<\/p>\n","protected":false},"excerpt":{"rendered":"<p>Claudio Keblaitis, vicepresidente 2\u00b0 de Independiente, anunci\u00f3 en su cuenta de Twitter que se tomar\u00e1 un mes de licencia para analizar si sigue o no en su cargo por no tener la seguridad personal necesaria para \u00e9l y su familia. El \u00faltimo viernes denunci\u00f3 denuncias de muerte an\u00f3nimas. &#8220;En principio voy a tomar una licencia [&hellip;]<\/p>\n","protected":false},"author":1,"featured_media":0,"comment_status":"open","ping_status":"open","sticky":false,"template":"","format":"standard","meta":{"_links_to":"","_links_to_target":""},"categories":[3,1],"tags":[1480,1000,1081,153,1208,723],"_links":{"self":[{"href":"https:\/\/www.locoxelrojo.com\/independiente\/wp-json\/wp\/v2\/posts\/18012"}],"collection":[{"href":"https:\/\/www.locoxelrojo.com\/independiente\/wp-json\/wp\/v2\/posts"}],"about":[{"href":"https:\/\/www.locoxelrojo.com\/independiente\/wp-json\/wp\/v2\/types\/post"}],"author":[{"embeddable":true,"href":"https:\/\/www.locoxelrojo.com\/independiente\/wp-json\/wp\/v2\/users\/1"}],"replies":[{"embeddable":true,"href":"https:\/\/www.locoxelrojo.com\/independiente\/wp-json\/wp\/v2\/comments?post=18012"}],"version-history":[{"count":0,"href":"https:\/\/www.locoxelrojo.com\/independiente\/wp-json\/wp\/v2\/posts\/18012\/revisions"}],"wp:attachment":[{"href":"https:\/\/www.locoxelrojo.com\/independiente\/wp-json\/wp\/v2\/media?parent=18012"}],"wp:term":[{"taxonomy":"category","embeddable":true,"href":"https:\/\/www.locoxelrojo.com\/independiente\/wp-json\/wp\/v2\/categories?post=18012"},{"taxonomy":"post_tag","embeddable":true,"href":"https:\/\/www.locoxelrojo.com\/independiente\/wp-json\/wp\/v2\/tags?post=18012"}],"curies":[{"name":"wp","href":"https:\/\/api.w.org\/{rel}","templated":true}]}}