{"id":18018,"date":"2012-05-21T23:10:52","date_gmt":"2012-05-22T02:10:52","guid":{"rendered":"http:\/\/www.locoxelrojo.com.ar\/independiente\/?p=18018"},"modified":"2015-09-24T22:07:43","modified_gmt":"2015-09-25T01:07:43","slug":"tenemos-que-estar-a-la-altura-de-las-circunstancias","status":"publish","type":"post","link":"https:\/\/www.locoxelrojo.com\/independiente\/2012\/05\/21\/tenemos-que-estar-a-la-altura-de-las-circunstancias\/","title":{"rendered":"Cantero: &#8220;Tenemos que estar a la altura de las circunstancias&#8221;"},"content":{"rendered":"<p><a href=\"http:\/\/www.locoxelrojo.com.ar\/independiente\/wp-content\/uploads\/2012\/05\/javier_Cantero2.jpg\"><img loading=\"lazy\" class=\"alignnone size-full wp-image-18019\" title=\"javier_Cantero\" src=\"http:\/\/www.locoxelrojo.com.ar\/independiente\/wp-content\/uploads\/2012\/05\/javier_Cantero2.jpg\" alt=\"\" width=\"590\" height=\"315\" srcset=\"https:\/\/locoxelrojo.com\/independiente\/wp-content\/uploads\/2012\/05\/javier_Cantero2.jpg 590w, https:\/\/locoxelrojo.com\/independiente\/wp-content\/uploads\/2012\/05\/javier_Cantero2-300x160.jpg 300w\" sizes=\"(max-width: 590px) 100vw, 590px\" \/><\/a><\/p>\n<p><strong>Javier Cantero<\/strong> destac\u00f3 el cambio de actitud del Vicepresidente Segundo, Claudio Keblatitis, quien present\u00f3 su renuncia en reuni\u00f3n de Comisi\u00f3n Directiva tras ser amenazado. <strong>&#8220;Estaba un poco ca\u00eddo, recapacit\u00f3 para reveer sus cosas y se tomar\u00e1 30 d\u00edas de licencia&#8221;<\/strong>, explic\u00f3 el Presidente en di\u00e1logo con el programa partidario Planeta Independiente.<\/p>\n<p>Ante el reclamo por seguridad, desarroll\u00f3: <strong>&#8220;Por ahi no \u00e9l, pero quiz\u00e1 haya mayor resguardo en la zona donde vive&#8221;<\/strong>.\u00a0Desde su punto de vista, <strong>&#8220;esta lucha nos coresponde a todos y tenemos que estar a la altura de las circunstancias&#8221;.<\/strong> Sin embargo,<strong> &#8220;lo de la barra no es lo m\u00e1s importante, sino lo econ\u00f3mico y futbol\u00edstico&#8221;.<\/strong><\/p>\n<p>Por \u00faltimo se refiri\u00f3 al resultado de ayer y a la necesidad de no cometer errores en la conformaci\u00f3n del palntel que pelear\u00e1 por mantener la categor\u00eda a partir del pr\u00f3ximo semestre. <strong>&#8220;Hay errores, habr\u00e1 que tomar decicione conjuntas con el f\u00fatbol&#8221;<\/strong>, cerr\u00f3.<\/p>\n","protected":false},"excerpt":{"rendered":"<p>Javier Cantero destac\u00f3 el cambio de actitud del Vicepresidente Segundo, Claudio Keblatitis, quien present\u00f3 su renuncia en reuni\u00f3n de Comisi\u00f3n Directiva tras ser amenazado. &#8220;Estaba un poco ca\u00eddo, recapacit\u00f3 para reveer sus cosas y se tomar\u00e1 30 d\u00edas de licencia&#8221;, explic\u00f3 el Presidente en di\u00e1logo con el programa partidario Planeta Independiente. Ante el reclamo por [&hellip;]<\/p>\n","protected":false},"author":1,"featured_media":0,"comment_status":"open","ping_status":"open","sticky":false,"template":"","format":"standard","meta":{"_links_to":"","_links_to_target":""},"categories":[3,1],"tags":[1000,1081,153,723,1481],"_links":{"self":[{"href":"https:\/\/www.locoxelrojo.com\/independiente\/wp-json\/wp\/v2\/posts\/18018"}],"collection":[{"href":"https:\/\/www.locoxelrojo.com\/independiente\/wp-json\/wp\/v2\/posts"}],"about":[{"href":"https:\/\/www.locoxelrojo.com\/independiente\/wp-json\/wp\/v2\/types\/post"}],"author":[{"embeddable":true,"href":"https:\/\/www.locoxelrojo.com\/independiente\/wp-json\/wp\/v2\/users\/1"}],"replies":[{"embeddable":true,"href":"https:\/\/www.locoxelrojo.com\/independiente\/wp-json\/wp\/v2\/comments?post=18018"}],"version-history":[{"count":0,"href":"https:\/\/www.locoxelrojo.com\/independiente\/wp-json\/wp\/v2\/posts\/18018\/revisions"}],"wp:attachment":[{"href":"https:\/\/www.locoxelrojo.com\/independiente\/wp-json\/wp\/v2\/media?parent=18018"}],"wp:term":[{"taxonomy":"category","embeddable":true,"href":"https:\/\/www.locoxelrojo.com\/independiente\/wp-json\/wp\/v2\/categories?post=18018"},{"taxonomy":"post_tag","embeddable":true,"href":"https:\/\/www.locoxelrojo.com\/independiente\/wp-json\/wp\/v2\/tags?post=18018"}],"curies":[{"name":"wp","href":"https:\/\/api.w.org\/{rel}","templated":true}]}}