{"id":18022,"date":"2012-05-22T00:49:03","date_gmt":"2012-05-22T03:49:03","guid":{"rendered":"http:\/\/www.locoxelrojo.com.ar\/independiente\/?p=18022"},"modified":"2015-09-24T22:08:07","modified_gmt":"2015-09-25T01:08:07","slug":"nos-acompanan-los-que-nos-votaron-y-los-que-no","status":"publish","type":"post","link":"https:\/\/www.locoxelrojo.com\/independiente\/2012\/05\/22\/nos-acompanan-los-que-nos-votaron-y-los-que-no\/","title":{"rendered":"Rub\u00e9n V\u00e1zquez: &#8220;Nos acompa\u00f1an los que nos votaron y los que no&#8221;"},"content":{"rendered":"<p><a href=\"http:\/\/www.locoxelrojo.com.ar\/independiente\/wp-content\/uploads\/2012\/05\/vazquez_keblaitis.jpg\"><img loading=\"lazy\" class=\"alignnone size-full wp-image-18023\" title=\"vazquez_keblaitis\" src=\"http:\/\/www.locoxelrojo.com.ar\/independiente\/wp-content\/uploads\/2012\/05\/vazquez_keblaitis.jpg\" alt=\"\" width=\"590\" height=\"315\" srcset=\"https:\/\/locoxelrojo.com\/independiente\/wp-content\/uploads\/2012\/05\/vazquez_keblaitis.jpg 590w, https:\/\/locoxelrojo.com\/independiente\/wp-content\/uploads\/2012\/05\/vazquez_keblaitis-300x160.jpg 300w\" sizes=\"(max-width: 590px) 100vw, 590px\" \/><\/a><\/p>\n<p><strong>Rub\u00e9n V\u00e1zquez<\/strong>, Vicepresidente del Club Atl\u00e9tico Independiente, destac\u00f3 el apoyo de las autoridades y los socios con el cual cuentan. <strong>&#8220;No estamos s\u00f3los, nos acompa\u00f1an los que nos votaron y los que no. Por algo se empieza&#8221;<\/strong>, sostuvo en di\u00e1logo con Campanas del Infierno por AM 1050. Luego, agreg\u00f3: <strong>&#8220;El tema escondido y negado durante a\u00f1os no se resuelve de un d\u00eda para el otro. Las autoridades deben hacer lo que dicen&#8221;.<\/strong><\/p>\n<p>Cuando lo consultaron sobre el apoyo gubernamental, destac\u00f3: <strong>&#8220;Se pronunci\u00f3 Diputados de Bs As, la C\u00e1mara de Diputados de la Naci\u00f3n, estuvimos con funcionarios nacionales, de la ciudad y en la AFA que resolvi\u00f3 que todos los clubes presenten lista de derecho de admisi\u00f3n&#8221;.<\/strong><\/p>\n<p>Por \u00faltimo, pidi\u00f3 apoyo para Claudio Keblaitis.<strong> &#8220;Hay que ponerse en la piel de quien es amenazado, nosotros somos gente com\u00fan. Nuestra decisi\u00f3n de seguir en la l\u00ednea correcta ayuda. Ninguno de nosotros es h\u00e9roe. Cumplimos con el compromiso y nos encontramos con la solidaridad de todo el mundo&#8221;,<\/strong> cerr\u00f3.<\/p>\n","protected":false},"excerpt":{"rendered":"<p>Rub\u00e9n V\u00e1zquez, Vicepresidente del Club Atl\u00e9tico Independiente, destac\u00f3 el apoyo de las autoridades y los socios con el cual cuentan. &#8220;No estamos s\u00f3los, nos acompa\u00f1an los que nos votaron y los que no. Por algo se empieza&#8221;, sostuvo en di\u00e1logo con Campanas del Infierno por AM 1050. Luego, agreg\u00f3: &#8220;El tema escondido y negado durante [&hellip;]<\/p>\n","protected":false},"author":1,"featured_media":0,"comment_status":"open","ping_status":"open","sticky":false,"template":"","format":"standard","meta":{"_links_to":"","_links_to_target":""},"categories":[4,1],"tags":[1000,1483,1081,153,1118],"_links":{"self":[{"href":"https:\/\/www.locoxelrojo.com\/independiente\/wp-json\/wp\/v2\/posts\/18022"}],"collection":[{"href":"https:\/\/www.locoxelrojo.com\/independiente\/wp-json\/wp\/v2\/posts"}],"about":[{"href":"https:\/\/www.locoxelrojo.com\/independiente\/wp-json\/wp\/v2\/types\/post"}],"author":[{"embeddable":true,"href":"https:\/\/www.locoxelrojo.com\/independiente\/wp-json\/wp\/v2\/users\/1"}],"replies":[{"embeddable":true,"href":"https:\/\/www.locoxelrojo.com\/independiente\/wp-json\/wp\/v2\/comments?post=18022"}],"version-history":[{"count":0,"href":"https:\/\/www.locoxelrojo.com\/independiente\/wp-json\/wp\/v2\/posts\/18022\/revisions"}],"wp:attachment":[{"href":"https:\/\/www.locoxelrojo.com\/independiente\/wp-json\/wp\/v2\/media?parent=18022"}],"wp:term":[{"taxonomy":"category","embeddable":true,"href":"https:\/\/www.locoxelrojo.com\/independiente\/wp-json\/wp\/v2\/categories?post=18022"},{"taxonomy":"post_tag","embeddable":true,"href":"https:\/\/www.locoxelrojo.com\/independiente\/wp-json\/wp\/v2\/tags?post=18022"}],"curies":[{"name":"wp","href":"https:\/\/api.w.org\/{rel}","templated":true}]}}