{"id":18025,"date":"2012-05-21T17:00:13","date_gmt":"2012-05-21T20:00:13","guid":{"rendered":"http:\/\/www.locoxelrojo.com.ar\/independiente\/?p=18025"},"modified":"2015-09-24T22:00:05","modified_gmt":"2015-09-25T01:00:05","slug":"los-barras-no-nos-estan-molestando","status":"publish","type":"post","link":"https:\/\/www.locoxelrojo.com\/independiente\/2012\/05\/21\/los-barras-no-nos-estan-molestando\/","title":{"rendered":"Gabbarini: &#8220;Los barras no nos est\u00e1n molestando&#8221;"},"content":{"rendered":"<p><a href=\"http:\/\/www.locoxelrojo.com.ar\/independiente\/wp-content\/uploads\/2012\/05\/adrian_Gabbarini.jpg\"><img loading=\"lazy\" class=\"alignnone size-full wp-image-18026\" title=\"adrian_Gabbarini\" src=\"http:\/\/www.locoxelrojo.com.ar\/independiente\/wp-content\/uploads\/2012\/05\/adrian_Gabbarini.jpg\" alt=\"\" width=\"590\" height=\"315\" srcset=\"https:\/\/locoxelrojo.com\/independiente\/wp-content\/uploads\/2012\/05\/adrian_Gabbarini.jpg 590w, https:\/\/locoxelrojo.com\/independiente\/wp-content\/uploads\/2012\/05\/adrian_Gabbarini-300x160.jpg 300w\" sizes=\"(max-width: 590px) 100vw, 590px\" \/><\/a><\/p>\n<p><strong>Adri\u00e1n Gabbarini<\/strong> sali\u00f3 a desafectar los malos resultados deportivos de la barrabrava. Se refiri\u00f3 a una racha negativa de la que cuesta salir y advirti\u00f3 que quiere quedarse en el club para poner el pecho en la situaci\u00f3n adversa que tocar\u00e1 vivir a partir de la pr\u00f3xima temporada. \u201c<strong>El baj\u00f3n es por una racha negativa. Cuando perd\u00e9s tres partidos seguidos cuesta darlo vuelta\u201d<\/strong>, sostuvo el arquero en di\u00e1logo con Radio 9.<\/p>\n<p>Y aclar\u00f3: <strong>\u201cNo creo que tenga que ver nuestro baj\u00f3n con lo que pasa afuera. Cuando entramos a la cancha esas cosas no pesan. A nosotros los barras no nos est\u00e1n molestando. Llegamos al entrenamiento y nos vamos tranquilos\u201d. D<\/strong>esde su parecer, <strong>&#8220;nos han convertido mucho y es lo que hay que mejorar para no sufrir.&#8221;<\/strong><\/p>\n<p>En \u00faltima instancia se refiri\u00f3 a Gabriel Milito y a la pr\u00f3xima temporada. &#8220;<strong>Milito no est\u00e1 en su mejor momento como el resto del plantel, es muy importante para nosotros. Volvi\u00f3 por amor al club y dej\u00f3 el mejor equipo y la mejor ligar del mundo. Vino a poner la cara y el verdadero hincha no lo critica, pero hay mucha gente que habla sin saber&#8221;<\/strong>, despach\u00f3 sobre su compa\u00f1ero. Y concluy\u00f3: <strong>&#8220;Los que salimos de inferiores tenemos que dar la cara por el equipo y mi intenci\u00f3n es quedarme porque tengo un a\u00f1o m\u00e1s de contrato.&#8221;<\/strong><\/p>\n","protected":false},"excerpt":{"rendered":"<p>Adri\u00e1n Gabbarini sali\u00f3 a desafectar los malos resultados deportivos de la barrabrava. Se refiri\u00f3 a una racha negativa de la que cuesta salir y advirti\u00f3 que quiere quedarse en el club para poner el pecho en la situaci\u00f3n adversa que tocar\u00e1 vivir a partir de la pr\u00f3xima temporada. \u201cEl baj\u00f3n es por una racha negativa. [&hellip;]<\/p>\n","protected":false},"author":1,"featured_media":0,"comment_status":"open","ping_status":"open","sticky":false,"template":"","format":"standard","meta":{"_links_to":"","_links_to_target":""},"categories":[3,1],"tags":[77,1000,153,1485,42,383],"_links":{"self":[{"href":"https:\/\/www.locoxelrojo.com\/independiente\/wp-json\/wp\/v2\/posts\/18025"}],"collection":[{"href":"https:\/\/www.locoxelrojo.com\/independiente\/wp-json\/wp\/v2\/posts"}],"about":[{"href":"https:\/\/www.locoxelrojo.com\/independiente\/wp-json\/wp\/v2\/types\/post"}],"author":[{"embeddable":true,"href":"https:\/\/www.locoxelrojo.com\/independiente\/wp-json\/wp\/v2\/users\/1"}],"replies":[{"embeddable":true,"href":"https:\/\/www.locoxelrojo.com\/independiente\/wp-json\/wp\/v2\/comments?post=18025"}],"version-history":[{"count":0,"href":"https:\/\/www.locoxelrojo.com\/independiente\/wp-json\/wp\/v2\/posts\/18025\/revisions"}],"wp:attachment":[{"href":"https:\/\/www.locoxelrojo.com\/independiente\/wp-json\/wp\/v2\/media?parent=18025"}],"wp:term":[{"taxonomy":"category","embeddable":true,"href":"https:\/\/www.locoxelrojo.com\/independiente\/wp-json\/wp\/v2\/categories?post=18025"},{"taxonomy":"post_tag","embeddable":true,"href":"https:\/\/www.locoxelrojo.com\/independiente\/wp-json\/wp\/v2\/tags?post=18025"}],"curies":[{"name":"wp","href":"https:\/\/api.w.org\/{rel}","templated":true}]}}