{"id":18039,"date":"2012-05-22T13:26:34","date_gmt":"2012-05-22T16:26:34","guid":{"rendered":"http:\/\/www.locoxelrojo.com.ar\/independiente\/?p=18039"},"modified":"2012-05-22T13:26:34","modified_gmt":"2012-05-22T16:26:34","slug":"entrenamiento-con-la-vuelta-de-fredes","status":"publish","type":"post","link":"https:\/\/www.locoxelrojo.com\/independiente\/2012\/05\/22\/entrenamiento-con-la-vuelta-de-fredes\/","title":{"rendered":"Entrenamiento con la vuelta de Fredes"},"content":{"rendered":"<p><a href=\"http:\/\/www.locoxelrojo.com.ar\/independiente\/wp-content\/uploads\/2012\/05\/46.jpg\"><img loading=\"lazy\" class=\"alignnone size-full wp-image-18041\" title=\"46\" src=\"http:\/\/www.locoxelrojo.com.ar\/independiente\/wp-content\/uploads\/2012\/05\/46.jpg\" alt=\"\" width=\"590\" height=\"315\" srcset=\"https:\/\/locoxelrojo.com\/independiente\/wp-content\/uploads\/2012\/05\/46.jpg 590w, https:\/\/locoxelrojo.com\/independiente\/wp-content\/uploads\/2012\/05\/46-300x160.jpg 300w\" sizes=\"(max-width: 590px) 100vw, 590px\" \/><\/a><\/p>\n<p>Independiente volvi\u00f3 a entrenarse esta ma\u00f1ana <strong>con la presencia de Javier Cantero<\/strong> en Villa Dom\u00ednico de cara al partido del domingo ante Uni\u00f3n.<strong> La noticia pasa por la recuperaci\u00f3n total de Hern\u00e1n Fredes, que trabaj\u00f3 a la par de sus compa\u00f1eros.<\/strong><\/p>\n<p>Hay que revertir la situaci\u00f3n. Tres derrotas consecutivas preocupan, sobre todo por el promedio amenazante de la pr\u00f3xima temporada. Por eso hoy, tras el lunes libre, el plantel volvi\u00f3 a las pr\u00e1cticas y realiz\u00f3 trabajos regenerativos. <strong>Hern\u00e1n Fredes pudo entrenar con normalidad y est\u00e1 en condiciones para el partido del fin de semana.<\/strong><\/p>\n<p>En cuanto a los lesionados, <strong>Eduardo Tuzzio trabaj\u00f3 de manera diferenciada y habr\u00e1 que esperar su evoluci\u00f3n. Otro que no se movi\u00f3 a la par de sus compa\u00f1eros fue Osmar Ferreyra, por un golpe en el tobillo. Y Gabriel Milito se retir\u00f3 antes del predio Santo Domingo para realizarse estudios en el pubis.<\/strong><\/p>\n","protected":false},"excerpt":{"rendered":"<p>Independiente volvi\u00f3 a entrenarse esta ma\u00f1ana con la presencia de Javier Cantero en Villa Dom\u00ednico de cara al partido del domingo ante Uni\u00f3n. La noticia pasa por la recuperaci\u00f3n total de Hern\u00e1n Fredes, que trabaj\u00f3 a la par de sus compa\u00f1eros. Hay que revertir la situaci\u00f3n. Tres derrotas consecutivas preocupan, sobre todo por el promedio [&hellip;]<\/p>\n","protected":false},"author":11,"featured_media":0,"comment_status":"open","ping_status":"open","sticky":false,"template":"","format":"standard","meta":{"_links_to":"","_links_to_target":""},"categories":[3,1],"tags":[188,135,42,71,173,723,916,172],"_links":{"self":[{"href":"https:\/\/www.locoxelrojo.com\/independiente\/wp-json\/wp\/v2\/posts\/18039"}],"collection":[{"href":"https:\/\/www.locoxelrojo.com\/independiente\/wp-json\/wp\/v2\/posts"}],"about":[{"href":"https:\/\/www.locoxelrojo.com\/independiente\/wp-json\/wp\/v2\/types\/post"}],"author":[{"embeddable":true,"href":"https:\/\/www.locoxelrojo.com\/independiente\/wp-json\/wp\/v2\/users\/11"}],"replies":[{"embeddable":true,"href":"https:\/\/www.locoxelrojo.com\/independiente\/wp-json\/wp\/v2\/comments?post=18039"}],"version-history":[{"count":0,"href":"https:\/\/www.locoxelrojo.com\/independiente\/wp-json\/wp\/v2\/posts\/18039\/revisions"}],"wp:attachment":[{"href":"https:\/\/www.locoxelrojo.com\/independiente\/wp-json\/wp\/v2\/media?parent=18039"}],"wp:term":[{"taxonomy":"category","embeddable":true,"href":"https:\/\/www.locoxelrojo.com\/independiente\/wp-json\/wp\/v2\/categories?post=18039"},{"taxonomy":"post_tag","embeddable":true,"href":"https:\/\/www.locoxelrojo.com\/independiente\/wp-json\/wp\/v2\/tags?post=18039"}],"curies":[{"name":"wp","href":"https:\/\/api.w.org\/{rel}","templated":true}]}}