{"id":18043,"date":"2012-05-22T16:11:14","date_gmt":"2012-05-22T19:11:14","guid":{"rendered":"http:\/\/www.locoxelrojo.com.ar\/independiente\/?p=18043"},"modified":"2015-09-24T22:08:48","modified_gmt":"2015-09-25T01:08:48","slug":"el-bajon-es-futbolistico-no-animico","status":"publish","type":"post","link":"https:\/\/www.locoxelrojo.com\/independiente\/2012\/05\/22\/el-bajon-es-futbolistico-no-animico\/","title":{"rendered":"Cristian D\u00edaz: &#8220;El baj\u00f3n es futbol\u00edstico, no an\u00edmico&#8221;"},"content":{"rendered":"<p><a href=\"http:\/\/www.locoxelrojo.com.ar\/independiente\/wp-content\/uploads\/2012\/05\/651.jpg\"><img loading=\"lazy\" class=\"alignnone size-full wp-image-18044\" title=\"65\" src=\"http:\/\/www.locoxelrojo.com.ar\/independiente\/wp-content\/uploads\/2012\/05\/651.jpg\" alt=\"\" width=\"590\" height=\"315\" srcset=\"https:\/\/locoxelrojo.com\/independiente\/wp-content\/uploads\/2012\/05\/651.jpg 590w, https:\/\/locoxelrojo.com\/independiente\/wp-content\/uploads\/2012\/05\/651-300x160.jpg 300w\" sizes=\"(max-width: 590px) 100vw, 590px\" \/><\/a><\/p>\n<p>Cristian D\u00edaz dialog\u00f3 este mediod\u00eda con la prensa tras el entrenamiento matutino y manifest\u00f3 <strong>que el baj\u00f3n del equipo &#8220;es futbol\u00edstico y no an\u00edmico&#8221;. Adem\u00e1s, se refiri\u00f3 a las cr\u00edticas recibidas y prefiri\u00f3 no opinar del conflicto con la barra.<\/strong><\/p>\n<p><strong>&#8220;Estamos pasando por un baj\u00f3n que hay que levantarlo y sobrellevarlo r\u00e1pido. Estas situaciones no me modifican mi pensamiento ni la forma de analizar al plantel. El baj\u00f3n es futbol\u00edstico, pero no an\u00edmico, porque ven\u00edamos ganando la mayor\u00eda de los puntos. No hay tiempo para pensar m\u00e1s en eso, tenemos que recomponernos r\u00e1pido&#8221;<\/strong>, expres\u00f3 el entrenador.<\/p>\n<p>Tambi\u00e9n cont\u00f3 porque decidi\u00f3 no hablar luego de la derrota en Bah\u00eda Blanca: <strong>&#8220;Era un momento para llamarme a silencio, porque quiz\u00e1s surg\u00eda alguna pregunta inoportuna que pod\u00eda generar intranquilidad&#8221;.<\/strong><\/p>\n<p>En cuento a las cr\u00edticas recibidas por la gente y los medios fue claro: <strong>&#8220;Seguimos teniendo m\u00e1s del 50% de los puntos obtenidos, que no es tarea f\u00e1cil. Estoy tranquilo, los jugadores tambi\u00e9n. Sabemos que no es f\u00e1cil. Las cr\u00edticas las acepto, pero cuando las cosas salgan espero no encontrar peros, que siempre aparecen. Espero que se escuche todo lo que digo&#8221;.<\/strong> Y a\u00f1adi\u00f3: <strong>&#8220;No voy a cambiar mi forma de pensar ni de sentir. Lo siento por el que quiera que la cambie. Todos los que quieran ayudar ser\u00e1n bienvenidos y todos los que quieran poner palos en la rueda los saltearemos&#8221;.<\/strong><\/p>\n<p>Cuando le preguntaron por las amenazas al vicepresidente de la instituci\u00f3n,<strong> Claudio Keblaitis, prefiri\u00f3 no opinar del tema y sentenci\u00f3: &#8220;Tenemos que ganarle a Uni\u00f3n el fin de semana&#8221;.<\/strong><\/p>\n<p>Finalmente se refiri\u00f3 al futuro de Independiente al terminar el campeonato: <strong>&#8220;Nunca descarto a nadie. Necesito de todos los jugadores y ser\u00e1 as\u00ed hasta el final del torneo. Cuando llegue ese momento nos sentaremos y analizaremos todo lo que venga por delante&#8221;.<\/strong><\/p>\n","protected":false},"excerpt":{"rendered":"<p>Cristian D\u00edaz dialog\u00f3 este mediod\u00eda con la prensa tras el entrenamiento matutino y manifest\u00f3 que el baj\u00f3n del equipo &#8220;es futbol\u00edstico y no an\u00edmico&#8221;. Adem\u00e1s, se refiri\u00f3 a las cr\u00edticas recibidas y prefiri\u00f3 no opinar del conflicto con la barra. &#8220;Estamos pasando por un baj\u00f3n que hay que levantarlo y sobrellevarlo r\u00e1pido. Estas situaciones no [&hellip;]<\/p>\n","protected":false},"author":11,"featured_media":0,"comment_status":"open","ping_status":"open","sticky":false,"template":"","format":"standard","meta":{"_links_to":"","_links_to_target":""},"categories":[3,1],"tags":[791,1081,188,173],"_links":{"self":[{"href":"https:\/\/www.locoxelrojo.com\/independiente\/wp-json\/wp\/v2\/posts\/18043"}],"collection":[{"href":"https:\/\/www.locoxelrojo.com\/independiente\/wp-json\/wp\/v2\/posts"}],"about":[{"href":"https:\/\/www.locoxelrojo.com\/independiente\/wp-json\/wp\/v2\/types\/post"}],"author":[{"embeddable":true,"href":"https:\/\/www.locoxelrojo.com\/independiente\/wp-json\/wp\/v2\/users\/11"}],"replies":[{"embeddable":true,"href":"https:\/\/www.locoxelrojo.com\/independiente\/wp-json\/wp\/v2\/comments?post=18043"}],"version-history":[{"count":0,"href":"https:\/\/www.locoxelrojo.com\/independiente\/wp-json\/wp\/v2\/posts\/18043\/revisions"}],"wp:attachment":[{"href":"https:\/\/www.locoxelrojo.com\/independiente\/wp-json\/wp\/v2\/media?parent=18043"}],"wp:term":[{"taxonomy":"category","embeddable":true,"href":"https:\/\/www.locoxelrojo.com\/independiente\/wp-json\/wp\/v2\/categories?post=18043"},{"taxonomy":"post_tag","embeddable":true,"href":"https:\/\/www.locoxelrojo.com\/independiente\/wp-json\/wp\/v2\/tags?post=18043"}],"curies":[{"name":"wp","href":"https:\/\/api.w.org\/{rel}","templated":true}]}}