{"id":18046,"date":"2012-05-22T21:46:05","date_gmt":"2012-05-23T00:46:05","guid":{"rendered":"http:\/\/www.locoxelrojo.com.ar\/independiente\/?p=18046"},"modified":"2015-09-24T22:09:25","modified_gmt":"2015-09-25T01:09:25","slug":"bebote-sigue-asociando-barras","status":"publish","type":"post","link":"https:\/\/www.locoxelrojo.com\/independiente\/2012\/05\/22\/bebote-sigue-asociando-barras\/","title":{"rendered":"Bebote sigue asociando barras"},"content":{"rendered":"<p><a href=\"http:\/\/www.locoxelrojo.com.ar\/independiente\/wp-content\/uploads\/2012\/05\/bebote.jpg\"><img loading=\"lazy\" class=\"alignnone size-full wp-image-18047\" title=\"bebote\" src=\"http:\/\/www.locoxelrojo.com.ar\/independiente\/wp-content\/uploads\/2012\/05\/bebote.jpg\" alt=\"\" width=\"590\" height=\"315\" srcset=\"https:\/\/locoxelrojo.com\/independiente\/wp-content\/uploads\/2012\/05\/bebote.jpg 590w, https:\/\/locoxelrojo.com\/independiente\/wp-content\/uploads\/2012\/05\/bebote-300x160.jpg 300w\" sizes=\"(max-width: 590px) 100vw, 590px\" \/><\/a><\/p>\n<p>En medio de la lucha de los dirigentes del club por sacar a los barras, de la grave y cobarde amenaza que sufri\u00f3 el Vicepresidente Claudio Keblaitis,<strong> el l\u00edder de La Barra Pablo Bebote \u00c1lvarez estuvo en la Sede junto a un grupo de barras a los cuales estaba haciendo socios.<\/strong><\/p>\n<p>La noticia parece increible, pero es real. <strong>Tal como lo anunci\u00f3 en su cuenta de Twitter el medio partidario De La Cuna Al Infierno, por la tarde de hoy se pudo ver\u00a0 Pablo \u00c1lvarez junto otros Barras en la Sede de Avellaneda asociandose<\/strong>. A pesar de los episodios de robo en los que se vieron involucrados barras en el \u00faltimo partido en Bah\u00eda Blanca, de las denuncias por amenaza de bomba al Colegio y del triste episodio por el que tuvo que pasar el Vicepresidente Segundo Claudio Keblaitis, quien esta con licencia por 30 d\u00edas, Bebote suma Socios, ampl\u00eda su grupo y su gente se sigue moviendo como si nada huebiera pasado.<\/p>\n<p>Para colmo, <strong>ma\u00f1ana mi\u00e9rcoles a las 19 hs esta programada una marcha que organiz\u00f3 el mismo \u00c1lvarez, quien continua con su lucha para que se devuelvan los Bombos y Banderas<\/strong> que fueron retirados del vestuario del Libertadores de Am\u00e9rica semanas atr\u00e1s, ya que todav\u00eda permanecen en la Comisaria Primera de Avellaneda.<\/p>\n<p>La guerra entre los dirigentes y los violentos parece no tener fin. Desde el club apuntan en ir hasta el fondo, y los barras recuperar los bombos y las banderas. <strong>\u00bfAlguna vez se terminar\u00e1 todo esto?&#8230;\u00bfTendr\u00e1 Javier Cantero y su gente el apoyo necesario del Gobierno Nacional y Provincial?&#8230;\u00bfQuedar\u00e1 todo en la nada? Que todo esto termine de una vez, en Paz y por el bien de Independiente.<\/strong><\/p>\n","protected":false},"excerpt":{"rendered":"<p>En medio de la lucha de los dirigentes del club por sacar a los barras, de la grave y cobarde amenaza que sufri\u00f3 el Vicepresidente Claudio Keblaitis, el l\u00edder de La Barra Pablo Bebote \u00c1lvarez estuvo en la Sede junto a un grupo de barras a los cuales estaba haciendo socios. La noticia parece increible, [&hellip;]<\/p>\n","protected":false},"author":1,"featured_media":0,"comment_status":"open","ping_status":"open","sticky":false,"template":"","format":"standard","meta":{"_links_to":"","_links_to_target":""},"categories":[3,1],"tags":[1081,153,723,196,1088],"_links":{"self":[{"href":"https:\/\/www.locoxelrojo.com\/independiente\/wp-json\/wp\/v2\/posts\/18046"}],"collection":[{"href":"https:\/\/www.locoxelrojo.com\/independiente\/wp-json\/wp\/v2\/posts"}],"about":[{"href":"https:\/\/www.locoxelrojo.com\/independiente\/wp-json\/wp\/v2\/types\/post"}],"author":[{"embeddable":true,"href":"https:\/\/www.locoxelrojo.com\/independiente\/wp-json\/wp\/v2\/users\/1"}],"replies":[{"embeddable":true,"href":"https:\/\/www.locoxelrojo.com\/independiente\/wp-json\/wp\/v2\/comments?post=18046"}],"version-history":[{"count":0,"href":"https:\/\/www.locoxelrojo.com\/independiente\/wp-json\/wp\/v2\/posts\/18046\/revisions"}],"wp:attachment":[{"href":"https:\/\/www.locoxelrojo.com\/independiente\/wp-json\/wp\/v2\/media?parent=18046"}],"wp:term":[{"taxonomy":"category","embeddable":true,"href":"https:\/\/www.locoxelrojo.com\/independiente\/wp-json\/wp\/v2\/categories?post=18046"},{"taxonomy":"post_tag","embeddable":true,"href":"https:\/\/www.locoxelrojo.com\/independiente\/wp-json\/wp\/v2\/tags?post=18046"}],"curies":[{"name":"wp","href":"https:\/\/api.w.org\/{rel}","templated":true}]}}