{"id":18130,"date":"2012-05-27T21:55:37","date_gmt":"2012-05-28T00:55:37","guid":{"rendered":"http:\/\/www.locoxelrojo.com.ar\/independiente\/?p=18130"},"modified":"2015-09-24T22:17:18","modified_gmt":"2015-09-25T01:17:18","slug":"sin-banderas-sin-bombos-y-sin-barras","status":"publish","type":"post","link":"https:\/\/www.locoxelrojo.com\/independiente\/2012\/05\/27\/sin-banderas-sin-bombos-y-sin-barras\/","title":{"rendered":"Sin banderas, sin bombos y sin barras"},"content":{"rendered":"<p><a href=\"http:\/\/www.locoxelrojo.com.ar\/independiente\/wp-content\/uploads\/2012\/05\/barra-cai.jpg\"><img loading=\"lazy\" class=\"alignnone size-full wp-image-18131\" title=\"barra-cai\" src=\"http:\/\/www.locoxelrojo.com.ar\/independiente\/wp-content\/uploads\/2012\/05\/barra-cai.jpg\" alt=\"\" width=\"590\" height=\"315\" srcset=\"https:\/\/locoxelrojo.com\/independiente\/wp-content\/uploads\/2012\/05\/barra-cai.jpg 590w, https:\/\/locoxelrojo.com\/independiente\/wp-content\/uploads\/2012\/05\/barra-cai-300x160.jpg 300w\" sizes=\"(max-width: 590px) 100vw, 590px\" \/><\/a><\/p>\n<p>La dirigencia sigue con la lucha de erradicar a los Barras del club. <strong>En la previa del partido frente a Olimpo, a trav\u00e9s de un comunicado de prensa, inform\u00f3 que de acuerdo a la informaci\u00f3n proporcionada por el COPROSEDE, se ha solicitado la aplicaci\u00f3n del derecho de admisi\u00f3n para veinticuatro personas que han concurrido el \u00faltimo domingo 20 de mayo al partido de f\u00fatbol disputado en Bah\u00eda Blanca frente a Olimpo. Adem\u00e1s se prohibi\u00f3 el ingreso de todo tipo de banderas, telones e Instrumentos Musicales.<\/strong><\/p>\n<p>Esta tarde, se pudo ver un fuerte control policial en los accesos al Libertadores de Am\u00e9rica, acompa\u00f1ando al habitual personal que trabaja los d\u00edas de partido. El hincha deb\u00eda presentar su carnet social con cuota al d\u00eda o su entrada, antes de llegar a los alrededores del estadio. <strong>El grueso de La Barra no estuvo prensente en la cancha y las tribunas lucieron sin las habituales banderas, que durante la semana fueron retiradas de la Comisar\u00eda Primera de Avellaneda.<\/strong><\/p>\n<p>Ambas cabeceras, Norte y Sur, se dedicaron a alentar al equipo y despu\u00e9s de mucho tiempo no hubo cantos cruzados entre las tribunas. <strong>Lo curioso fue que en la Tribuna Sur Alta, donde se ubic\u00f3 la parcialidad de Uni\u00f3n, si luci\u00f3 con Banderas y Bombos, algo que no estaba permitido por el COPROSEDE. <\/strong><\/p>\n","protected":false},"excerpt":{"rendered":"<p>La dirigencia sigue con la lucha de erradicar a los Barras del club. En la previa del partido frente a Olimpo, a trav\u00e9s de un comunicado de prensa, inform\u00f3 que de acuerdo a la informaci\u00f3n proporcionada por el COPROSEDE, se ha solicitado la aplicaci\u00f3n del derecho de admisi\u00f3n para veinticuatro personas que han concurrido el [&hellip;]<\/p>\n","protected":false},"author":1,"featured_media":0,"comment_status":"open","ping_status":"open","sticky":false,"template":"","format":"standard","meta":{"_links_to":"","_links_to_target":""},"categories":[4,1],"tags":[153,1331,723,196,1155],"_links":{"self":[{"href":"https:\/\/www.locoxelrojo.com\/independiente\/wp-json\/wp\/v2\/posts\/18130"}],"collection":[{"href":"https:\/\/www.locoxelrojo.com\/independiente\/wp-json\/wp\/v2\/posts"}],"about":[{"href":"https:\/\/www.locoxelrojo.com\/independiente\/wp-json\/wp\/v2\/types\/post"}],"author":[{"embeddable":true,"href":"https:\/\/www.locoxelrojo.com\/independiente\/wp-json\/wp\/v2\/users\/1"}],"replies":[{"embeddable":true,"href":"https:\/\/www.locoxelrojo.com\/independiente\/wp-json\/wp\/v2\/comments?post=18130"}],"version-history":[{"count":0,"href":"https:\/\/www.locoxelrojo.com\/independiente\/wp-json\/wp\/v2\/posts\/18130\/revisions"}],"wp:attachment":[{"href":"https:\/\/www.locoxelrojo.com\/independiente\/wp-json\/wp\/v2\/media?parent=18130"}],"wp:term":[{"taxonomy":"category","embeddable":true,"href":"https:\/\/www.locoxelrojo.com\/independiente\/wp-json\/wp\/v2\/categories?post=18130"},{"taxonomy":"post_tag","embeddable":true,"href":"https:\/\/www.locoxelrojo.com\/independiente\/wp-json\/wp\/v2\/tags?post=18130"}],"curies":[{"name":"wp","href":"https:\/\/api.w.org\/{rel}","templated":true}]}}