{"id":18186,"date":"2012-05-28T18:38:03","date_gmt":"2012-05-28T21:38:03","guid":{"rendered":"http:\/\/www.locoxelrojo.com.ar\/independiente\/?p=18186"},"modified":"2012-05-28T18:38:03","modified_gmt":"2012-05-28T21:38:03","slug":"del-castillo-nadie-de-la-cd-llamo-a-sergio-para-felicitarlo","status":"publish","type":"post","link":"https:\/\/www.locoxelrojo.com\/independiente\/2012\/05\/28\/del-castillo-nadie-de-la-cd-llamo-a-sergio-para-felicitarlo\/","title":{"rendered":"Del Castillo: &#8220;Nadie de la CD llam\u00f3 a Sergio para felicitarlo&#8221;"},"content":{"rendered":"<p><a href=\"http:\/\/www.locoxelrojo.com.ar\/independiente\/wp-content\/uploads\/2012\/05\/75.jpg\"><img loading=\"lazy\" src=\"http:\/\/www.locoxelrojo.com.ar\/independiente\/wp-content\/uploads\/2012\/05\/75.jpg\" alt=\"\" title=\"75\" width=\"590\" height=\"315\" class=\"alignnone size-full wp-image-18187\" srcset=\"https:\/\/locoxelrojo.com\/independiente\/wp-content\/uploads\/2012\/05\/75.jpg 590w, https:\/\/locoxelrojo.com\/independiente\/wp-content\/uploads\/2012\/05\/75-300x160.jpg 300w\" sizes=\"(max-width: 590px) 100vw, 590px\" \/><\/a><br \/>\nLeonel Del Castillo, padre de Sergio Ag\u00fcero, habl\u00f3 esta tarde en Paladar Rojo y manifest\u00f3 que <strong>&#8220;nadie de la comisi\u00f3n directiva llam\u00f3 al Kun para felicitarlo&#8221;. Adem\u00e1s, cont\u00f3 que no habla con Cantero desde enero.<\/strong><\/p>\n<p><strong>&#8220;Nadie del club lo llam\u00f3 a Sergio para felicitarlo por el campeonato que gan\u00f3. Nadie nos avis\u00f3 de lo de la placa que le quer\u00edan entregar&#8221;<\/strong>, expres\u00f3 el padre del ex Independiente. Y agreg\u00f3: <strong>&#8220;Veremos si nos llama la dirigencia para ver si realmente quer\u00edan entregarle al Kun una placa&#8221;.<\/strong><\/p>\n<p>En cuanto a su relaci\u00f3n con los dirigentes del club fue claro: <strong>&#8220;En Enero fue la \u00faltima vez que habl\u00e9 con Cantero, fue por el tema del convenio que me hab\u00eda prometido la comisi\u00f3n anterior&#8221;.<\/strong><\/p>\n<p>Finalmente vaticin\u00f3 que <strong>&#8220;si dan las fechas, seguramente Ag\u00fcero ir\u00e1 a la cancha para el partido ante San Lorenzo&#8221;.<\/strong><\/p>\n","protected":false},"excerpt":{"rendered":"<p>Leonel Del Castillo, padre de Sergio Ag\u00fcero, habl\u00f3 esta tarde en Paladar Rojo y manifest\u00f3 que &#8220;nadie de la comisi\u00f3n directiva llam\u00f3 al Kun para felicitarlo&#8221;. Adem\u00e1s, cont\u00f3 que no habla con Cantero desde enero. &#8220;Nadie del club lo llam\u00f3 a Sergio para felicitarlo por el campeonato que gan\u00f3. Nadie nos avis\u00f3 de lo de [&hellip;]<\/p>\n","protected":false},"author":11,"featured_media":0,"comment_status":"open","ping_status":"open","sticky":false,"template":"","format":"standard","meta":{"_links_to":"","_links_to_target":""},"categories":[3,1],"tags":[173,723,1467,118,382,143],"_links":{"self":[{"href":"https:\/\/www.locoxelrojo.com\/independiente\/wp-json\/wp\/v2\/posts\/18186"}],"collection":[{"href":"https:\/\/www.locoxelrojo.com\/independiente\/wp-json\/wp\/v2\/posts"}],"about":[{"href":"https:\/\/www.locoxelrojo.com\/independiente\/wp-json\/wp\/v2\/types\/post"}],"author":[{"embeddable":true,"href":"https:\/\/www.locoxelrojo.com\/independiente\/wp-json\/wp\/v2\/users\/11"}],"replies":[{"embeddable":true,"href":"https:\/\/www.locoxelrojo.com\/independiente\/wp-json\/wp\/v2\/comments?post=18186"}],"version-history":[{"count":0,"href":"https:\/\/www.locoxelrojo.com\/independiente\/wp-json\/wp\/v2\/posts\/18186\/revisions"}],"wp:attachment":[{"href":"https:\/\/www.locoxelrojo.com\/independiente\/wp-json\/wp\/v2\/media?parent=18186"}],"wp:term":[{"taxonomy":"category","embeddable":true,"href":"https:\/\/www.locoxelrojo.com\/independiente\/wp-json\/wp\/v2\/categories?post=18186"},{"taxonomy":"post_tag","embeddable":true,"href":"https:\/\/www.locoxelrojo.com\/independiente\/wp-json\/wp\/v2\/tags?post=18186"}],"curies":[{"name":"wp","href":"https:\/\/api.w.org\/{rel}","templated":true}]}}