{"id":18219,"date":"2012-05-29T23:12:36","date_gmt":"2012-05-30T02:12:36","guid":{"rendered":"http:\/\/www.locoxelrojo.com.ar\/independiente\/?p=18219"},"modified":"2015-09-24T22:30:25","modified_gmt":"2015-09-25T01:30:25","slug":"un-equipo-que-no-nos-haga-pensar-en-el-descenso","status":"publish","type":"post","link":"https:\/\/www.locoxelrojo.com\/independiente\/2012\/05\/29\/un-equipo-que-no-nos-haga-pensar-en-el-descenso\/","title":{"rendered":"Larralde: &#8220;Un equipo que no nos haga pensar en el descenso&#8221;"},"content":{"rendered":"<p><a href=\"http:\/\/www.locoxelrojo.com.ar\/independiente\/wp-content\/uploads\/2012\/05\/pedro_larralde1.jpg\"><img loading=\"lazy\" class=\"alignnone size-full wp-image-18220\" title=\"pedro_larralde\" src=\"http:\/\/www.locoxelrojo.com.ar\/independiente\/wp-content\/uploads\/2012\/05\/pedro_larralde1.jpg\" alt=\"\" width=\"590\" height=\"315\" srcset=\"https:\/\/locoxelrojo.com\/independiente\/wp-content\/uploads\/2012\/05\/pedro_larralde1.jpg 590w, https:\/\/locoxelrojo.com\/independiente\/wp-content\/uploads\/2012\/05\/pedro_larralde1-300x160.jpg 300w\" sizes=\"(max-width: 590px) 100vw, 590px\" \/><\/a><\/p>\n<p><strong>Pedro Larralde <\/strong>se refiri\u00f3 a la situaci\u00f3n futbol\u00edstica y econ\u00f3mica de Independiente. El Secretario General del club descart\u00f3 que el Rojo pueda hacer esfuerzos econ\u00f3micos por Forl\u00e1n, Cambiasso o Piatti. &#8220;<strong>Depende de ellos. Se tienen que levantar y decir quiero volver&#8221;<\/strong>, asegur\u00f3 en di\u00e1logo con Infierno Rojo Radio. Luego agreg\u00f3: <strong>&#8220;no es cierto que Cantero se junt\u00f3 con el representante de Jos\u00e9 Sand, ni con el jugador&#8221;.<\/strong><\/p>\n<p>Seg\u00fan desarroll\u00f3, la pol\u00edtica es reducir el plantel para poder reforzarse. &#8220;La prioridad, se venda tal o cual jugador, es que Independiente tenga los jugadores necesarios para olvidarse de esta situaci\u00f3n&#8221;, coment\u00f3. Y aclar\u00f3: &#8220;<strong>Hoy Independiente no est\u00e1 en condiciones de acercarles una oferta que sea similar a lo que ganan en Europa&#8221;.<\/strong><\/p>\n<p>Consultado sobre la posible ayuda de Daniel Grinbank, opin\u00f3: &#8220;<strong>Tengo entendido que no quiere volver a acercar jugadores por su decepci\u00f3n la \u00faltima experiencia&#8221;<\/strong>. Por \u00faltimo, asegur\u00f3 que son conscientes de la situaci\u00f3n actual. <strong>&#8220;Con Far\u00edas se demostr\u00f3 que estamos en condiciones de reforzarnos&#8221;<\/strong>, concluy\u00f3.<\/p>\n","protected":false},"excerpt":{"rendered":"<p>Pedro Larralde se refiri\u00f3 a la situaci\u00f3n futbol\u00edstica y econ\u00f3mica de Independiente. El Secretario General del club descart\u00f3 que el Rojo pueda hacer esfuerzos econ\u00f3micos por Forl\u00e1n, Cambiasso o Piatti. &#8220;Depende de ellos. Se tienen que levantar y decir quiero volver&#8221;, asegur\u00f3 en di\u00e1logo con Infierno Rojo Radio. Luego agreg\u00f3: &#8220;no es cierto que Cantero [&hellip;]<\/p>\n","protected":false},"author":1,"featured_media":0,"comment_status":"open","ping_status":"open","sticky":false,"template":"","format":"standard","meta":{"_links_to":"","_links_to_target":""},"categories":[3,1],"tags":[153,715,43,1498,1177],"_links":{"self":[{"href":"https:\/\/www.locoxelrojo.com\/independiente\/wp-json\/wp\/v2\/posts\/18219"}],"collection":[{"href":"https:\/\/www.locoxelrojo.com\/independiente\/wp-json\/wp\/v2\/posts"}],"about":[{"href":"https:\/\/www.locoxelrojo.com\/independiente\/wp-json\/wp\/v2\/types\/post"}],"author":[{"embeddable":true,"href":"https:\/\/www.locoxelrojo.com\/independiente\/wp-json\/wp\/v2\/users\/1"}],"replies":[{"embeddable":true,"href":"https:\/\/www.locoxelrojo.com\/independiente\/wp-json\/wp\/v2\/comments?post=18219"}],"version-history":[{"count":0,"href":"https:\/\/www.locoxelrojo.com\/independiente\/wp-json\/wp\/v2\/posts\/18219\/revisions"}],"wp:attachment":[{"href":"https:\/\/www.locoxelrojo.com\/independiente\/wp-json\/wp\/v2\/media?parent=18219"}],"wp:term":[{"taxonomy":"category","embeddable":true,"href":"https:\/\/www.locoxelrojo.com\/independiente\/wp-json\/wp\/v2\/categories?post=18219"},{"taxonomy":"post_tag","embeddable":true,"href":"https:\/\/www.locoxelrojo.com\/independiente\/wp-json\/wp\/v2\/tags?post=18219"}],"curies":[{"name":"wp","href":"https:\/\/api.w.org\/{rel}","templated":true}]}}