{"id":18231,"date":"2012-05-30T15:08:50","date_gmt":"2012-05-30T18:08:50","guid":{"rendered":"http:\/\/www.locoxelrojo.com.ar\/independiente\/?p=18231"},"modified":"2012-05-30T15:08:50","modified_gmt":"2012-05-30T18:08:50","slug":"parra-seguir-no-depende-de-mi","status":"publish","type":"post","link":"https:\/\/www.locoxelrojo.com\/independiente\/2012\/05\/30\/parra-seguir-no-depende-de-mi\/","title":{"rendered":"Parra: &#8220;Seguir no depende de m\u00ed&#8221;"},"content":{"rendered":"<p><a href=\"http:\/\/www.locoxelrojo.com.ar\/independiente\/wp-content\/uploads\/2012\/05\/662.jpg\"><img loading=\"lazy\" class=\"alignnone size-full wp-image-18233\" title=\"66\" src=\"http:\/\/www.locoxelrojo.com.ar\/independiente\/wp-content\/uploads\/2012\/05\/662.jpg\" alt=\"\" width=\"590\" height=\"315\" srcset=\"https:\/\/locoxelrojo.com\/independiente\/wp-content\/uploads\/2012\/05\/662.jpg 590w, https:\/\/locoxelrojo.com\/independiente\/wp-content\/uploads\/2012\/05\/662-300x160.jpg 300w\" sizes=\"(max-width: 590px) 100vw, 590px\" \/><\/a><\/p>\n<p>Facundo Parra dialog\u00f3 este mediod\u00eda en Fox Sports y manifest\u00f3 <strong>que no depende de \u00e9l seguir en Independiente, aunque el delantero se ir\u00eda en junio. Adem\u00e1s, agradeci\u00f3 al club: &#8220;Me dio todo y me hizo conocido&#8221;.<\/strong><\/p>\n<p><strong>&#8220;Seguir no depende de m\u00ed. Es una situaci\u00f3n dirigencial. Entiendo el momento del club, hay una cl\u00e1usula, veremos. Quedan tres partidos. No tengo ni idea de lo que va a pasar en junio. No tengo ofertas hasta ahora, pero va a ser dif\u00edcil seguir&#8221;<\/strong>, expres\u00f3 el delantero. Y agreg\u00f3: <strong>&#8220;Estoy muy agradecido a Independiente,\u00a0es el club que me dio todo y me hizo conocido&#8221;.<\/strong><\/p>\n<p>Tambi\u00e9n habl\u00f3 de su rendimiento en el Rojo a lo largo del tiempo: <strong>&#8220;Cuando jugu\u00e9, creo que hice las cosas bien. Espero que no tenga nada que ver con mi contrato y sea algo t\u00e1ctico. Tuve seis meses duros. Por momentos me toc\u00f3 jugar, cuando el Tecla se lesion\u00f3 jugu\u00e9 y cuando se recuper\u00f3 no&#8221;.<\/strong><\/p>\n<p>Finalmente habl\u00f3 del mal presente de Independiente en el campeonato: <strong>&#8220;Cuando ganamos varios partidos tampoco hac\u00edamos todas las cosas bien. Autocr\u00edtica siempre hay. No fue bueno de local, empatar este partido. Sumamos un punto. No es lo que esper\u00e1bamos, pero sirve para levantar&#8221;.<\/strong><\/p>\n","protected":false},"excerpt":{"rendered":"<p>Facundo Parra dialog\u00f3 este mediod\u00eda en Fox Sports y manifest\u00f3 que no depende de \u00e9l seguir en Independiente, aunque el delantero se ir\u00eda en junio. Adem\u00e1s, agradeci\u00f3 al club: &#8220;Me dio todo y me hizo conocido&#8221;. &#8220;Seguir no depende de m\u00ed. Es una situaci\u00f3n dirigencial. Entiendo el momento del club, hay una cl\u00e1usula, veremos. Quedan [&hellip;]<\/p>\n","protected":false},"author":11,"featured_media":0,"comment_status":"open","ping_status":"open","sticky":false,"template":"","format":"standard","meta":{"_links_to":"","_links_to_target":""},"categories":[3,1],"tags":[188,946,36,350,173,723],"_links":{"self":[{"href":"https:\/\/www.locoxelrojo.com\/independiente\/wp-json\/wp\/v2\/posts\/18231"}],"collection":[{"href":"https:\/\/www.locoxelrojo.com\/independiente\/wp-json\/wp\/v2\/posts"}],"about":[{"href":"https:\/\/www.locoxelrojo.com\/independiente\/wp-json\/wp\/v2\/types\/post"}],"author":[{"embeddable":true,"href":"https:\/\/www.locoxelrojo.com\/independiente\/wp-json\/wp\/v2\/users\/11"}],"replies":[{"embeddable":true,"href":"https:\/\/www.locoxelrojo.com\/independiente\/wp-json\/wp\/v2\/comments?post=18231"}],"version-history":[{"count":0,"href":"https:\/\/www.locoxelrojo.com\/independiente\/wp-json\/wp\/v2\/posts\/18231\/revisions"}],"wp:attachment":[{"href":"https:\/\/www.locoxelrojo.com\/independiente\/wp-json\/wp\/v2\/media?parent=18231"}],"wp:term":[{"taxonomy":"category","embeddable":true,"href":"https:\/\/www.locoxelrojo.com\/independiente\/wp-json\/wp\/v2\/categories?post=18231"},{"taxonomy":"post_tag","embeddable":true,"href":"https:\/\/www.locoxelrojo.com\/independiente\/wp-json\/wp\/v2\/tags?post=18231"}],"curies":[{"name":"wp","href":"https:\/\/api.w.org\/{rel}","templated":true}]}}