{"id":18238,"date":"2012-05-30T15:20:19","date_gmt":"2012-05-30T18:20:19","guid":{"rendered":"http:\/\/www.locoxelrojo.com.ar\/independiente\/?p=18238"},"modified":"2012-05-30T15:20:43","modified_gmt":"2012-05-30T18:20:43","slug":"crespi-cantero-debio-habernos-consultado-a-nosotros","status":"publish","type":"post","link":"https:\/\/www.locoxelrojo.com\/independiente\/2012\/05\/30\/crespi-cantero-debio-habernos-consultado-a-nosotros\/","title":{"rendered":"Crespi: &#8220;Cantero debi\u00f3 habernos consultado a nosotros&#8221;"},"content":{"rendered":"<p><a href=\"http:\/\/www.locoxelrojo.com.ar\/independiente\/wp-content\/uploads\/2012\/05\/Crespi-1.jpg\"><img loading=\"lazy\" class=\"alignnone size-full wp-image-18242\" title=\"Crespi 1\" src=\"http:\/\/www.locoxelrojo.com.ar\/independiente\/wp-content\/uploads\/2012\/05\/Crespi-1.jpg\" alt=\"\" width=\"590\" height=\"315\" srcset=\"https:\/\/locoxelrojo.com\/independiente\/wp-content\/uploads\/2012\/05\/Crespi-1.jpg 590w, https:\/\/locoxelrojo.com\/independiente\/wp-content\/uploads\/2012\/05\/Crespi-1-300x160.jpg 300w\" sizes=\"(max-width: 590px) 100vw, 590px\" \/><\/a><\/p>\n<p>El vicepresidente de Boca, Juan Carlos Crespi, critic\u00f3 a Javier Cantero en La Red y sentenci\u00f3 que <strong>&#8220;manejar un club no es como manejar un country&#8221;. Y agreg\u00f3: &#8220;Cantero debi\u00f3 consultarnos a nosotros&#8221;.<\/strong><\/p>\n<p>La lucha contra los barras afecta a m\u00e1s de uno. Las discusiones van y vienen. Ayer, en la reuni\u00f3n de Comit\u00e9 Ejecutivo de AFA, Cantero y Crespi se cruzaron mediante palabras. Hoy, el vice de Boca dispar\u00f3: <strong>&#8220;Manejar un Club no es lo mismo que manejar un Country y\u00a0Cantero debi\u00f3 habernos consultado a nosotros, sus pares, antes de pasearse por los medios. Nosotros no tenemos problemas, somos un club ejemplo&#8221;.<\/strong><\/p>\n<p>Lo cierto es que estas declaraciones se suman a las que hab\u00eda realizado la semana pasada el presidente del club Xeneize, Daniel Angelici. En esa ocasi\u00f3n, <strong>el mandam\u00e1s de Boca hab\u00eda expresado que en su club no exist\u00eda ning\u00fan problema con la barra y que no pod\u00edan expulsarlos como socios si no comet\u00edan actos violentos.<\/strong><\/p>\n","protected":false},"excerpt":{"rendered":"<p>El vicepresidente de Boca, Juan Carlos Crespi, critic\u00f3 a Javier Cantero en La Red y sentenci\u00f3 que &#8220;manejar un club no es como manejar un country&#8221;. Y agreg\u00f3: &#8220;Cantero debi\u00f3 consultarnos a nosotros&#8221;. La lucha contra los barras afecta a m\u00e1s de uno. Las discusiones van y vienen. Ayer, en la reuni\u00f3n de Comit\u00e9 Ejecutivo [&hellip;]<\/p>\n","protected":false},"author":11,"featured_media":0,"comment_status":"open","ping_status":"open","sticky":false,"template":"","format":"standard","meta":{"_links_to":"","_links_to_target":""},"categories":[4,1],"tags":[218,1412,173,723,888],"_links":{"self":[{"href":"https:\/\/www.locoxelrojo.com\/independiente\/wp-json\/wp\/v2\/posts\/18238"}],"collection":[{"href":"https:\/\/www.locoxelrojo.com\/independiente\/wp-json\/wp\/v2\/posts"}],"about":[{"href":"https:\/\/www.locoxelrojo.com\/independiente\/wp-json\/wp\/v2\/types\/post"}],"author":[{"embeddable":true,"href":"https:\/\/www.locoxelrojo.com\/independiente\/wp-json\/wp\/v2\/users\/11"}],"replies":[{"embeddable":true,"href":"https:\/\/www.locoxelrojo.com\/independiente\/wp-json\/wp\/v2\/comments?post=18238"}],"version-history":[{"count":0,"href":"https:\/\/www.locoxelrojo.com\/independiente\/wp-json\/wp\/v2\/posts\/18238\/revisions"}],"wp:attachment":[{"href":"https:\/\/www.locoxelrojo.com\/independiente\/wp-json\/wp\/v2\/media?parent=18238"}],"wp:term":[{"taxonomy":"category","embeddable":true,"href":"https:\/\/www.locoxelrojo.com\/independiente\/wp-json\/wp\/v2\/categories?post=18238"},{"taxonomy":"post_tag","embeddable":true,"href":"https:\/\/www.locoxelrojo.com\/independiente\/wp-json\/wp\/v2\/tags?post=18238"}],"curies":[{"name":"wp","href":"https:\/\/api.w.org\/{rel}","templated":true}]}}