{"id":1827,"date":"2010-10-08T18:04:58","date_gmt":"2010-10-08T20:04:58","guid":{"rendered":"http:\/\/www.locoxelrojo.com.ar\/independiente\/?p=1827"},"modified":"2010-11-06T04:25:42","modified_gmt":"2010-11-06T06:25:42","slug":"esperan-por-el-cuqui","status":"publish","type":"post","link":"https:\/\/www.locoxelrojo.com\/independiente\/2010\/10\/08\/esperan-por-el-cuqui\/","title":{"rendered":"Esperan por el Cuqui"},"content":{"rendered":"<p><a href=\"http:\/\/www.locoxelrojo.com.ar\/independiente\/wp-content\/uploads\/2010\/10\/todosjuntos.jpg\"><img loading=\"lazy\" class=\"alignnone size-full wp-image-1828\" title=\"todosjuntos\" src=\"http:\/\/www.locoxelrojo.com.ar\/independiente\/wp-content\/uploads\/2010\/10\/todosjuntos.jpg\" alt=\"\" width=\"550\" height=\"315\" srcset=\"https:\/\/locoxelrojo.com\/independiente\/wp-content\/uploads\/2010\/10\/todosjuntos.jpg 550w, https:\/\/locoxelrojo.com\/independiente\/wp-content\/uploads\/2010\/10\/todosjuntos-300x171.jpg 300w\" sizes=\"(max-width: 550px) 100vw, 550px\" \/><\/a><\/p>\n<p>El Cl\u00e1sico de Avellaneda cada vez est\u00e1 m\u00e1s cerca, por eso Independiente trabaja para salir de este mal momento en el predio de Villa Dominico de cara a un partido trascendental.<\/p>\n<p><strong>En el entrenamiento de hoy viernes por la ma\u00f1ana, Andr\u00e9s Silvera, a\u00fan con fiebre, no pudo participar del mismo con el resto de sus compa\u00f1eros<\/strong>, aunque por un rato largo se quedo haciendo algunos ejercicios en el gimnasio. Tanto el Cuqui como el DT, son optimistas y piensan que va a llegar bien.<\/p>\n<p>El resto del plantel se mostr\u00f3 de buen \u00e1nimo, luego de unos ejercicios t\u00e1cticos con pelota realizaron un f\u00fatbol tenis para distenderse.<\/p>\n<p>Por el equipo, Mohamed no qued\u00f3 conforme con la tarea que desempe\u00f1\u00f3 Mareque como volante y por eso por izquierda probo con Mancuello. Tampoco le gust\u00f3 lo que ven\u00eda desempe\u00f1ando Cabrera y Hern\u00e1n Fredes, una vez m\u00e1s parece ser el due\u00f1o del carril derecho. El equipo va a salir a la cancha con un enganche definido y ese es Leandro Graci\u00e1n. <strong>Igualmente, ma\u00f1ana en un entrenamiento a puertas cerradas en el Estadio Libertadores de Am\u00e9rica el Turco va a definir ya los 11 que saldr\u00e1n a jugar frente a Racing.<\/strong><\/p>\n<p>En principio el equipo ser\u00eda: <strong>Hilario Navarro; Baez, Tuzzio, Vel\u00e1zquez y Mareque; Fredes, Godoy y Mancuello; Graci\u00e1n; Parra y Silvera.<\/strong><\/p>\n","protected":false},"excerpt":{"rendered":"<p>El Cl\u00e1sico de Avellaneda cada vez est\u00e1 m\u00e1s cerca, por eso Independiente trabaja para salir de este mal momento en el predio de Villa Dominico de cara a un partido trascendental. En el entrenamiento de hoy viernes por la ma\u00f1ana, Andr\u00e9s Silvera, a\u00fan con fiebre, no pudo participar del mismo con el resto de sus [&hellip;]<\/p>\n","protected":false},"author":1,"featured_media":0,"comment_status":"open","ping_status":"open","sticky":false,"template":"","format":"standard","meta":{"_links_to":"","_links_to_target":""},"categories":[3,1],"tags":[155,115,48,71,69],"_links":{"self":[{"href":"https:\/\/www.locoxelrojo.com\/independiente\/wp-json\/wp\/v2\/posts\/1827"}],"collection":[{"href":"https:\/\/www.locoxelrojo.com\/independiente\/wp-json\/wp\/v2\/posts"}],"about":[{"href":"https:\/\/www.locoxelrojo.com\/independiente\/wp-json\/wp\/v2\/types\/post"}],"author":[{"embeddable":true,"href":"https:\/\/www.locoxelrojo.com\/independiente\/wp-json\/wp\/v2\/users\/1"}],"replies":[{"embeddable":true,"href":"https:\/\/www.locoxelrojo.com\/independiente\/wp-json\/wp\/v2\/comments?post=1827"}],"version-history":[{"count":0,"href":"https:\/\/www.locoxelrojo.com\/independiente\/wp-json\/wp\/v2\/posts\/1827\/revisions"}],"wp:attachment":[{"href":"https:\/\/www.locoxelrojo.com\/independiente\/wp-json\/wp\/v2\/media?parent=1827"}],"wp:term":[{"taxonomy":"category","embeddable":true,"href":"https:\/\/www.locoxelrojo.com\/independiente\/wp-json\/wp\/v2\/categories?post=1827"},{"taxonomy":"post_tag","embeddable":true,"href":"https:\/\/www.locoxelrojo.com\/independiente\/wp-json\/wp\/v2\/tags?post=1827"}],"curies":[{"name":"wp","href":"https:\/\/api.w.org\/{rel}","templated":true}]}}