{"id":1832,"date":"2010-10-08T18:26:37","date_gmt":"2010-10-08T20:26:37","guid":{"rendered":"http:\/\/www.locoxelrojo.com.ar\/independiente\/?p=1832"},"modified":"2015-09-09T04:12:17","modified_gmt":"2015-09-09T07:12:17","slug":"la-primera-lista-de-concentrados-de-mohamed","status":"publish","type":"post","link":"https:\/\/www.locoxelrojo.com\/independiente\/2010\/10\/08\/la-primera-lista-de-concentrados-de-mohamed\/","title":{"rendered":"Concentrados vs. Racing"},"content":{"rendered":"<p><a href=\"http:\/\/www.locoxelrojo.com.ar\/independiente\/wp-content\/uploads\/2010\/10\/entrenamiento5.jpg\"><img loading=\"lazy\" class=\"alignnone size-full wp-image-1844\" title=\"entrenamiento\" src=\"http:\/\/www.locoxelrojo.com.ar\/independiente\/wp-content\/uploads\/2010\/10\/entrenamiento5.jpg\" alt=\"\" width=\"550\" height=\"315\" srcset=\"https:\/\/locoxelrojo.com\/independiente\/wp-content\/uploads\/2010\/10\/entrenamiento5.jpg 550w, https:\/\/locoxelrojo.com\/independiente\/wp-content\/uploads\/2010\/10\/entrenamiento5-300x171.jpg 300w\" sizes=\"(max-width: 550px) 100vw, 550px\" \/><\/a><\/p>\n<p>Ser\u00e1n 20 y est\u00e1n citados para hoy a la noche en el Hotel Intercontinental. La misma se dio a conocer luego de la pr\u00e1ctica matutina en Villa Dom\u00ednico y, por estas horas, el plantel pasa el d\u00eda con cada una de sus familias previo a pensar de lleno en el cl\u00e1sico.<\/p>\n<p>Ma\u00f1ana por la ma\u00f1ana los jugadores practicar\u00e1n pelota parada y har\u00e1n el reconocimiento del Libertadores de Am\u00e9rica teniendo en cuenta la lluvia del d\u00eda de ayer.<\/p>\n<p><strong>Lista de concentrados:<\/strong><\/p>\n<p><strong>Arqueros: Adri\u00e1n Gabbarini e Hilario Navarro.<\/strong><\/p>\n<p><strong>Defensores: Eduardo Tuzzio, Carlos Matheu, Lucas Mareque, Maximiliano <\/strong><\/p>\n<p><strong>Vel\u00e1zquez, Juli\u00e1n Vel\u00e1zquez, Cristian B\u00e1ez y Gabriel Vall\u00e9s.<\/strong><\/p>\n<p><strong>Volantes: Cristian Pellerano, Leandro Graci\u00e1n, Nicol\u00e1s Cabrera, Federico Mancuello, Fernando Godoy y Hern\u00e1n Fredes. <\/strong><\/p>\n<p><strong>Delanteros: Andr\u00e9s Silvera, Germ\u00e1n Pacheco, Patricio Rodr\u00edguez, Facundo Parra y Mart\u00edn G\u00f3mez<\/strong>.<\/p>\n","protected":false},"excerpt":{"rendered":"<p>Ser\u00e1n 20 y est\u00e1n citados para hoy a la noche en el Hotel Intercontinental. La misma se dio a conocer luego de la pr\u00e1ctica matutina en Villa Dom\u00ednico y, por estas horas, el plantel pasa el d\u00eda con cada una de sus familias previo a pensar de lleno en el cl\u00e1sico. Ma\u00f1ana por la ma\u00f1ana [&hellip;]<\/p>\n","protected":false},"author":1,"featured_media":0,"comment_status":"open","ping_status":"open","sticky":false,"template":"","format":"standard","meta":{"_links_to":"","_links_to_target":""},"categories":[3,1],"tags":[115,325,153,2770],"_links":{"self":[{"href":"https:\/\/www.locoxelrojo.com\/independiente\/wp-json\/wp\/v2\/posts\/1832"}],"collection":[{"href":"https:\/\/www.locoxelrojo.com\/independiente\/wp-json\/wp\/v2\/posts"}],"about":[{"href":"https:\/\/www.locoxelrojo.com\/independiente\/wp-json\/wp\/v2\/types\/post"}],"author":[{"embeddable":true,"href":"https:\/\/www.locoxelrojo.com\/independiente\/wp-json\/wp\/v2\/users\/1"}],"replies":[{"embeddable":true,"href":"https:\/\/www.locoxelrojo.com\/independiente\/wp-json\/wp\/v2\/comments?post=1832"}],"version-history":[{"count":0,"href":"https:\/\/www.locoxelrojo.com\/independiente\/wp-json\/wp\/v2\/posts\/1832\/revisions"}],"wp:attachment":[{"href":"https:\/\/www.locoxelrojo.com\/independiente\/wp-json\/wp\/v2\/media?parent=1832"}],"wp:term":[{"taxonomy":"category","embeddable":true,"href":"https:\/\/www.locoxelrojo.com\/independiente\/wp-json\/wp\/v2\/categories?post=1832"},{"taxonomy":"post_tag","embeddable":true,"href":"https:\/\/www.locoxelrojo.com\/independiente\/wp-json\/wp\/v2\/tags?post=1832"}],"curies":[{"name":"wp","href":"https:\/\/api.w.org\/{rel}","templated":true}]}}