{"id":18353,"date":"2012-06-07T20:09:03","date_gmt":"2012-06-07T23:09:03","guid":{"rendered":"http:\/\/www.locoxelrojo.com.ar\/independiente\/?p=18353"},"modified":"2012-06-07T20:09:03","modified_gmt":"2012-06-07T23:09:03","slug":"los-que-viajan-a-rosario","status":"publish","type":"post","link":"https:\/\/www.locoxelrojo.com\/independiente\/2012\/06\/07\/los-que-viajan-a-rosario\/","title":{"rendered":"Los que viajan a Rosario"},"content":{"rendered":"<p><a href=\"http:\/\/www.locoxelrojo.com.ar\/independiente\/wp-content\/uploads\/2012\/06\/concentrados-cai.jpg\"><img loading=\"lazy\" class=\"alignnone size-full wp-image-18354\" title=\"concentrados-cai\" src=\"http:\/\/www.locoxelrojo.com.ar\/independiente\/wp-content\/uploads\/2012\/06\/concentrados-cai.jpg\" alt=\"\" width=\"590\" height=\"315\" srcset=\"https:\/\/locoxelrojo.com\/independiente\/wp-content\/uploads\/2012\/06\/concentrados-cai.jpg 590w, https:\/\/locoxelrojo.com\/independiente\/wp-content\/uploads\/2012\/06\/concentrados-cai-300x160.jpg 300w\" sizes=\"(max-width: 590px) 100vw, 590px\" \/><\/a><\/p>\n<p><strong>El plantel de Independiente ya est\u00e1 listo y confirmado para viajar ma\u00f1ana viernes por la tarde a la ciudad de Rosario<\/strong>. El encuentro con Newell\u00b4s se va a jugar el s\u00e1bado a las 18:10 hs en el Parque de la Independencia.<\/p>\n<p>D\u00edaz confirm\u00f3 la delegaci\u00f3n que partir\u00e1 rumbo a la ciudad santafesina, aunque todav\u00eda hay algunas dudas para el 11 titular. Est\u00e1 en duda Gabriel Milito quien presenta una pubialgia, pero igualmente figura entre los concentrados.<\/p>\n<p><strong>Arqueros:<\/strong> Adri\u00e1n Gabbarini e Hilario Navarro<\/p>\n<p><strong>Defensores:<\/strong> Carlos Matheu, Juli\u00e1n Vel\u00e1zquez, Gabriel Milito, Leonel Galeano, Gabriel Vall\u00e9s, Eduardo Tuzzio y Adri\u00e1n Argach\u00e1.<\/p>\n<p><strong>Volantes:<\/strong> Fernando Godoy, Roberto Batti\u00f3n, Hern\u00e1n Fredes, Fabi\u00e1n Monserrat, Osmar Ferreyra, Walter Busse, Iv\u00e1n P\u00e9rez y Lucas Villafa\u00f1ez.<\/p>\n<p><strong>Delanteros:<\/strong> Ernesto Far\u00edas, Facundo Parra, Patricio Rodr\u00edguez y Patricio Vidal.<\/p>\n<p>Ma\u00f1ana viernes el plantel entrena a puertas cerradas y sin atenci\u00f3n a la prensa en el predio de Villa Dom\u00ednico y por la tarde parten rumbo a Rosario y quedan concentrados esperando el choque frente a Newell\u00b4s.<\/p>\n","protected":false},"excerpt":{"rendered":"<p>El plantel de Independiente ya est\u00e1 listo y confirmado para viajar ma\u00f1ana viernes por la tarde a la ciudad de Rosario. El encuentro con Newell\u00b4s se va a jugar el s\u00e1bado a las 18:10 hs en el Parque de la Independencia. D\u00edaz confirm\u00f3 la delegaci\u00f3n que partir\u00e1 rumbo a la ciudad santafesina, aunque todav\u00eda hay [&hellip;]<\/p>\n","protected":false},"author":1,"featured_media":0,"comment_status":"open","ping_status":"open","sticky":false,"template":"","format":"standard","meta":{"_links_to":"","_links_to_target":""},"categories":[3,1],"tags":[153,42,244,183],"_links":{"self":[{"href":"https:\/\/www.locoxelrojo.com\/independiente\/wp-json\/wp\/v2\/posts\/18353"}],"collection":[{"href":"https:\/\/www.locoxelrojo.com\/independiente\/wp-json\/wp\/v2\/posts"}],"about":[{"href":"https:\/\/www.locoxelrojo.com\/independiente\/wp-json\/wp\/v2\/types\/post"}],"author":[{"embeddable":true,"href":"https:\/\/www.locoxelrojo.com\/independiente\/wp-json\/wp\/v2\/users\/1"}],"replies":[{"embeddable":true,"href":"https:\/\/www.locoxelrojo.com\/independiente\/wp-json\/wp\/v2\/comments?post=18353"}],"version-history":[{"count":0,"href":"https:\/\/www.locoxelrojo.com\/independiente\/wp-json\/wp\/v2\/posts\/18353\/revisions"}],"wp:attachment":[{"href":"https:\/\/www.locoxelrojo.com\/independiente\/wp-json\/wp\/v2\/media?parent=18353"}],"wp:term":[{"taxonomy":"category","embeddable":true,"href":"https:\/\/www.locoxelrojo.com\/independiente\/wp-json\/wp\/v2\/categories?post=18353"},{"taxonomy":"post_tag","embeddable":true,"href":"https:\/\/www.locoxelrojo.com\/independiente\/wp-json\/wp\/v2\/tags?post=18353"}],"curies":[{"name":"wp","href":"https:\/\/api.w.org\/{rel}","templated":true}]}}