{"id":18357,"date":"2012-06-07T20:35:26","date_gmt":"2012-06-07T23:35:26","guid":{"rendered":"http:\/\/www.locoxelrojo.com.ar\/independiente\/?p=18357"},"modified":"2012-06-07T20:35:26","modified_gmt":"2012-06-07T23:35:26","slug":"calello-charlo-con-juveniles-en-villa-dominico","status":"publish","type":"post","link":"https:\/\/www.locoxelrojo.com\/independiente\/2012\/06\/07\/calello-charlo-con-juveniles-en-villa-dominico\/","title":{"rendered":"Calello charl\u00f3 con juveniles en Villa Dom\u00ednico"},"content":{"rendered":"<p><a href=\"http:\/\/www.locoxelrojo.com.ar\/independiente\/wp-content\/uploads\/2012\/06\/calello-independiente-charla.jpg\"><img loading=\"lazy\" class=\"alignnone size-full wp-image-18358\" title=\"calello-independiente-charla\" src=\"http:\/\/www.locoxelrojo.com.ar\/independiente\/wp-content\/uploads\/2012\/06\/calello-independiente-charla.jpg\" alt=\"\" width=\"590\" height=\"315\" srcset=\"https:\/\/locoxelrojo.com\/independiente\/wp-content\/uploads\/2012\/06\/calello-independiente-charla.jpg 590w, https:\/\/locoxelrojo.com\/independiente\/wp-content\/uploads\/2012\/06\/calello-independiente-charla-300x160.jpg 300w\" sizes=\"(max-width: 590px) 100vw, 590px\" \/><\/a><\/p>\n<p>El ex volante de Independiente, <strong>Adri\u00e1n Calello, estuvo presente esta ma\u00f1ana en el predio de Villa Dom\u00ednico para brindar una charla con los juveniles de la Cuarta, Quinta y Sexta Divisi\u00f3n. Adem\u00e1s pas\u00f3 a saludar a muchos de sus ex compa\u00f1eros que siguen en el plantel del Primera.<\/strong><\/p>\n<p><strong>\u201cEs un orgullo poder estar ac\u00e1 y hablar de mi experiencia. Fueron grandes momentos de mi vida y me pone muy feliz recordarlos. Siempre es una alegr\u00eda volver a Independiente, que es mi casa\u201d<\/strong>, dijo el Calello quien defiende los colores del Dinamo Zagreb de Croacia.<\/p>\n<p>El evento estuvo a cargo de Juan Cruz Anselmi, Coordinador General de Preparaci\u00f3n F\u00edsica de Juveniles, y Manuel Mag\u00e1n, Coordinador General de Inferiores. <strong>El ex Rojo respondi\u00f3 las preguntas de los chicos y los aconsej\u00f3 para afrontar el duro camino de llegar a la Primera Divisi\u00f3n.<\/strong><\/p>\n","protected":false},"excerpt":{"rendered":"<p>El ex volante de Independiente, Adri\u00e1n Calello, estuvo presente esta ma\u00f1ana en el predio de Villa Dom\u00ednico para brindar una charla con los juveniles de la Cuarta, Quinta y Sexta Divisi\u00f3n. Adem\u00e1s pas\u00f3 a saludar a muchos de sus ex compa\u00f1eros que siguen en el plantel del Primera. \u201cEs un orgullo poder estar ac\u00e1 y [&hellip;]<\/p>\n","protected":false},"author":1,"featured_media":0,"comment_status":"open","ping_status":"open","sticky":false,"template":"","format":"standard","meta":{"_links_to":"","_links_to_target":""},"categories":[3,5,4,1],"tags":[825,153,1512,194,1181,102],"_links":{"self":[{"href":"https:\/\/www.locoxelrojo.com\/independiente\/wp-json\/wp\/v2\/posts\/18357"}],"collection":[{"href":"https:\/\/www.locoxelrojo.com\/independiente\/wp-json\/wp\/v2\/posts"}],"about":[{"href":"https:\/\/www.locoxelrojo.com\/independiente\/wp-json\/wp\/v2\/types\/post"}],"author":[{"embeddable":true,"href":"https:\/\/www.locoxelrojo.com\/independiente\/wp-json\/wp\/v2\/users\/1"}],"replies":[{"embeddable":true,"href":"https:\/\/www.locoxelrojo.com\/independiente\/wp-json\/wp\/v2\/comments?post=18357"}],"version-history":[{"count":0,"href":"https:\/\/www.locoxelrojo.com\/independiente\/wp-json\/wp\/v2\/posts\/18357\/revisions"}],"wp:attachment":[{"href":"https:\/\/www.locoxelrojo.com\/independiente\/wp-json\/wp\/v2\/media?parent=18357"}],"wp:term":[{"taxonomy":"category","embeddable":true,"href":"https:\/\/www.locoxelrojo.com\/independiente\/wp-json\/wp\/v2\/categories?post=18357"},{"taxonomy":"post_tag","embeddable":true,"href":"https:\/\/www.locoxelrojo.com\/independiente\/wp-json\/wp\/v2\/tags?post=18357"}],"curies":[{"name":"wp","href":"https:\/\/api.w.org\/{rel}","templated":true}]}}