{"id":18431,"date":"2012-06-09T21:00:48","date_gmt":"2012-06-10T00:00:48","guid":{"rendered":"http:\/\/www.locoxelrojo.com.ar\/independiente\/?p=18431"},"modified":"2015-09-24T23:04:33","modified_gmt":"2015-09-25T02:04:33","slug":"contra-san-lorenzo-con-3-bajas","status":"publish","type":"post","link":"https:\/\/www.locoxelrojo.com\/independiente\/2012\/06\/09\/contra-san-lorenzo-con-3-bajas\/","title":{"rendered":"Contra San Lorenzo, con tres bajas"},"content":{"rendered":"<p><a href=\"http:\/\/www.locoxelrojo.com.ar\/independiente\/wp-content\/uploads\/2012\/06\/Independiente_Newells.jpg\"><img loading=\"lazy\" class=\"alignnone size-full wp-image-18444\" title=\"Independiente_Newells\" src=\"http:\/\/www.locoxelrojo.com.ar\/independiente\/wp-content\/uploads\/2012\/06\/Independiente_Newells.jpg\" alt=\"\" width=\"590\" height=\"315\" srcset=\"https:\/\/locoxelrojo.com\/independiente\/wp-content\/uploads\/2012\/06\/Independiente_Newells.jpg 590w, https:\/\/locoxelrojo.com\/independiente\/wp-content\/uploads\/2012\/06\/Independiente_Newells-300x160.jpg 300w\" sizes=\"(max-width: 590px) 100vw, 590px\" \/><\/a><\/p>\n<p>Independiente no suma de a 3 hace 5 partidos y, para colmo, sumar\u00e1 3 bajas de cara al choque frenta a San Lorenzo de Almagro el domingo 15:10. Adri\u00e1n Gabbarini por ahora tiene una esguince de rodilla -se realizar\u00e1 los estudios el lunes-. Adem\u00e1s, Leonel Galeano y Patricio Rodr\u00edguez llegaron a la quinta amarilla.<\/p>\n<p>Para colmo, Milito se recupera de una pubalgia que lo dej\u00f3 aufera del cotejo frente a Newells y Eduardo Tuzzio mostr\u00f3 gestos de dolor durante todo el segundo tiempo producto de una sobrecarga muscular. El Rojo volver\u00e1 a los entrenamientos el lunes a las 9:30 en Villa Dom\u00ednico -a\u00fan no se defini\u00f3 si ser\u00e1 a puertas abiertas o cerradas-.<\/p>\n<p>La buena: Juli\u00e1n Vel\u00e1zquez quien acumula 10 tarjetas amarillas podr\u00e1 volver a jugar producto de la extensi\u00f3n del art\u00edculo 225 -Pizzini volvi\u00f3 con una esguince de rodilla del torneo Ocho Naciones de Sud\u00e1frica disputado con el Seleccionado Sub 20-.<\/p>\n","protected":false},"excerpt":{"rendered":"<p>Independiente no suma de a 3 hace 5 partidos y, para colmo, sumar\u00e1 3 bajas de cara al choque frenta a San Lorenzo de Almagro el domingo 15:10. Adri\u00e1n Gabbarini por ahora tiene una esguince de rodilla -se realizar\u00e1 los estudios el lunes-. Adem\u00e1s, Leonel Galeano y Patricio Rodr\u00edguez llegaron a la quinta amarilla. Para [&hellip;]<\/p>\n","protected":false},"author":1,"featured_media":0,"comment_status":"open","ping_status":"open","sticky":false,"template":"","format":"standard","meta":{"_links_to":"","_links_to_target":""},"categories":[3,1],"tags":[77,153,834,42,32,60,41,1255],"_links":{"self":[{"href":"https:\/\/www.locoxelrojo.com\/independiente\/wp-json\/wp\/v2\/posts\/18431"}],"collection":[{"href":"https:\/\/www.locoxelrojo.com\/independiente\/wp-json\/wp\/v2\/posts"}],"about":[{"href":"https:\/\/www.locoxelrojo.com\/independiente\/wp-json\/wp\/v2\/types\/post"}],"author":[{"embeddable":true,"href":"https:\/\/www.locoxelrojo.com\/independiente\/wp-json\/wp\/v2\/users\/1"}],"replies":[{"embeddable":true,"href":"https:\/\/www.locoxelrojo.com\/independiente\/wp-json\/wp\/v2\/comments?post=18431"}],"version-history":[{"count":0,"href":"https:\/\/www.locoxelrojo.com\/independiente\/wp-json\/wp\/v2\/posts\/18431\/revisions"}],"wp:attachment":[{"href":"https:\/\/www.locoxelrojo.com\/independiente\/wp-json\/wp\/v2\/media?parent=18431"}],"wp:term":[{"taxonomy":"category","embeddable":true,"href":"https:\/\/www.locoxelrojo.com\/independiente\/wp-json\/wp\/v2\/categories?post=18431"},{"taxonomy":"post_tag","embeddable":true,"href":"https:\/\/www.locoxelrojo.com\/independiente\/wp-json\/wp\/v2\/tags?post=18431"}],"curies":[{"name":"wp","href":"https:\/\/api.w.org\/{rel}","templated":true}]}}