{"id":18530,"date":"2012-06-13T15:41:47","date_gmt":"2012-06-13T18:41:47","guid":{"rendered":"http:\/\/www.locoxelrojo.com.ar\/independiente\/?p=18530"},"modified":"2012-06-13T15:41:47","modified_gmt":"2012-06-13T18:41:47","slug":"maglio-muy-duro-con-cantero","status":"publish","type":"post","link":"https:\/\/www.locoxelrojo.com\/independiente\/2012\/06\/13\/maglio-muy-duro-con-cantero\/","title":{"rendered":"Maglio muy duro con Cantero"},"content":{"rendered":"<p><a href=\"http:\/\/www.locoxelrojo.com.ar\/independiente\/wp-content\/uploads\/2012\/06\/maglio.jpg\"><img loading=\"lazy\" class=\"alignnone size-full wp-image-18531\" title=\"maglio\" src=\"http:\/\/www.locoxelrojo.com.ar\/independiente\/wp-content\/uploads\/2012\/06\/maglio.jpg\" alt=\"\" width=\"590\" height=\"315\" srcset=\"https:\/\/locoxelrojo.com\/independiente\/wp-content\/uploads\/2012\/06\/maglio.jpg 590w, https:\/\/locoxelrojo.com\/independiente\/wp-content\/uploads\/2012\/06\/maglio-300x160.jpg 300w\" sizes=\"(max-width: 590px) 100vw, 590px\" \/><\/a><\/p>\n<p>Carlos Maglio fue designado para ser el \u00e1rbitro el pr\u00f3ximo domingo entre Independiente y San Lorenzo. Este mediod\u00eda, habl\u00f3 en el programa &#8220;<strong>Un Buen Momento&#8221;, por radio La Red<\/strong> y se mostr\u00f3 muy enojado con Javier Cantero por querer conversar con Francisco Lamolina, Titular del Colegio de \u00c1rbitros.<\/p>\n<p><strong>&#8220;A Cantero Yo no lo conozco, ni dirig\u00ed a Independiente en todo el campeonato. No se porque no le gust\u00f3 mi designaci\u00f3n, me tendr\u00eda que haber reclamado a m\u00ed&#8221;<\/strong>, declar\u00f3. El conflicto comenz\u00f3 por los rumores que lo vinculan a Maglio con ser hincha de San Lorenzo.<\/p>\n<p><strong>&#8220;Cantero para adentro hace una cosa y para afuera otra. El sabe que no puede ir a la oficina de Lamolina&#8221;<\/strong> dijo muy enojado. Tambi\u00e9n aclar\u00f3 las versiones y defendi\u00f3 su trayectoria: <strong>&#8220;llevo 25 a\u00f1os dentro de la AFA. Las dudas que tengan, las aclaramos. Se dijeron muchas cosas, hasta que mis hijos son hinchas de Independiente. En alguna \u00e9poca fui hincha de un club. Hoy soy hincha de los \u00e1rbitros&#8221;<\/strong>.<\/p>\n<p><strong>&#8220;Con Cantero no los dirig\u00ed nunca. Este es mi cuarto Independiente &#8211; SanLorenzo y en el \u00faltimo gan\u00f3 Independiente 1-0. S\u00ed lo voy a felicitar por lo que est\u00e1 haciendo con La Barra&#8221;<\/strong>, cerr\u00f3.<\/p>\n","protected":false},"excerpt":{"rendered":"<p>Carlos Maglio fue designado para ser el \u00e1rbitro el pr\u00f3ximo domingo entre Independiente y San Lorenzo. Este mediod\u00eda, habl\u00f3 en el programa &#8220;Un Buen Momento&#8221;, por radio La Red y se mostr\u00f3 muy enojado con Javier Cantero por querer conversar con Francisco Lamolina, Titular del Colegio de \u00c1rbitros. &#8220;A Cantero Yo no lo conozco, ni [&hellip;]<\/p>\n","protected":false},"author":1,"featured_media":0,"comment_status":"open","ping_status":"open","sticky":false,"template":"","format":"standard","meta":{"_links_to":"","_links_to_target":""},"categories":[3,4,1],"tags":[91,1256,153,832,723,382],"_links":{"self":[{"href":"https:\/\/www.locoxelrojo.com\/independiente\/wp-json\/wp\/v2\/posts\/18530"}],"collection":[{"href":"https:\/\/www.locoxelrojo.com\/independiente\/wp-json\/wp\/v2\/posts"}],"about":[{"href":"https:\/\/www.locoxelrojo.com\/independiente\/wp-json\/wp\/v2\/types\/post"}],"author":[{"embeddable":true,"href":"https:\/\/www.locoxelrojo.com\/independiente\/wp-json\/wp\/v2\/users\/1"}],"replies":[{"embeddable":true,"href":"https:\/\/www.locoxelrojo.com\/independiente\/wp-json\/wp\/v2\/comments?post=18530"}],"version-history":[{"count":0,"href":"https:\/\/www.locoxelrojo.com\/independiente\/wp-json\/wp\/v2\/posts\/18530\/revisions"}],"wp:attachment":[{"href":"https:\/\/www.locoxelrojo.com\/independiente\/wp-json\/wp\/v2\/media?parent=18530"}],"wp:term":[{"taxonomy":"category","embeddable":true,"href":"https:\/\/www.locoxelrojo.com\/independiente\/wp-json\/wp\/v2\/categories?post=18530"},{"taxonomy":"post_tag","embeddable":true,"href":"https:\/\/www.locoxelrojo.com\/independiente\/wp-json\/wp\/v2\/tags?post=18530"}],"curies":[{"name":"wp","href":"https:\/\/api.w.org\/{rel}","templated":true}]}}