{"id":18605,"date":"2012-06-15T16:47:45","date_gmt":"2012-06-15T19:47:45","guid":{"rendered":"http:\/\/www.locoxelrojo.com.ar\/independiente\/?p=18605"},"modified":"2012-06-15T16:47:45","modified_gmt":"2012-06-15T19:47:45","slug":"practica-en-italiano","status":"publish","type":"post","link":"https:\/\/www.locoxelrojo.com\/independiente\/2012\/06\/15\/practica-en-italiano\/","title":{"rendered":"Pr\u00e1ctica en Italiano"},"content":{"rendered":"<p><a href=\"http:\/\/www.locoxelrojo.com.ar\/independiente\/wp-content\/uploads\/2012\/06\/hilario-ent.jpg\"><img loading=\"lazy\" class=\"alignnone size-full wp-image-18606\" title=\"hilario-ent\" src=\"http:\/\/www.locoxelrojo.com.ar\/independiente\/wp-content\/uploads\/2012\/06\/hilario-ent.jpg\" alt=\"\" width=\"590\" height=\"315\" srcset=\"https:\/\/locoxelrojo.com\/independiente\/wp-content\/uploads\/2012\/06\/hilario-ent.jpg 590w, https:\/\/locoxelrojo.com\/independiente\/wp-content\/uploads\/2012\/06\/hilario-ent-300x160.jpg 300w\" sizes=\"(max-width: 590px) 100vw, 590px\" \/><\/a><\/p>\n<p><strong>Independiente practic\u00f3 hoy viernes a puertas cerradas en Sportivo Italiano, una rareza. Cristian D\u00edaz aprovech\u00f3 para realizar trabajos con pelota parada y repiti\u00f3 el mismo equipo que par\u00f3 en las pr\u00e1cticas de f\u00fatbol en Villa Dom\u00ednico y el Libertadores de Am\u00e9rica.<\/strong><\/p>\n<p>El equipo no fue confirmado por el entrenador, pero salvo una cat\u00e1strofe, los once ser\u00edan: <strong>Hilario Navarro; Eduardo Tuzzio, Juli\u00e1n Vel\u00e1zquez, Gabriel Milito, Adri\u00e1n Argach\u00e1; Fabi\u00e1n Monserrat, Hern\u00e1n Fredes, Fernando Godoy, Osmar Ferreyra; Patricio Vidal y Ernesto Far\u00edas.<\/strong><\/p>\n<p>Hay que recordar que Patricio Rodr\u00edguez y Leonel Galeano no ser\u00e1n de la partida, ya que tienen que cumplir la fecha de suspensi\u00f3n por acumulaci\u00f3n de tarjetas amarillas. El otro cambio con respecto a los que perdieron en Rosario es el del arquero. En la semana se confirm\u00f3 la rotura de ligamentos cruzados de Adri\u00e1n Gabbarini (ser\u00e1 operado el d\u00eda lunes) e Hilario Navarro ser\u00e1 quien este ocupando el arco del Rojo. Juli\u00e1n Vel\u00e1zquez contin\u00faa jugando por el articulo 225 por la lesi\u00f3n de Francisco Pizzini en la Selecci\u00f3n Sub20.<\/p>\n<p>Al t\u00e9mino de la pr\u00e1ctica, el plantel qued\u00f3 concentrado a la espera del partido del domingo frente a San Lorenzo en el hotel Holiday Inn de Ezeiza.<\/p>\n","protected":false},"excerpt":{"rendered":"<p>Independiente practic\u00f3 hoy viernes a puertas cerradas en Sportivo Italiano, una rareza. Cristian D\u00edaz aprovech\u00f3 para realizar trabajos con pelota parada y repiti\u00f3 el mismo equipo que par\u00f3 en las pr\u00e1cticas de f\u00fatbol en Villa Dom\u00ednico y el Libertadores de Am\u00e9rica. El equipo no fue confirmado por el entrenador, pero salvo una cat\u00e1strofe, los once [&hellip;]<\/p>\n","protected":false},"author":1,"featured_media":0,"comment_status":"open","ping_status":"open","sticky":false,"template":"","format":"standard","meta":{"_links_to":"","_links_to_target":""},"categories":[3,1],"tags":[77,1256,153,188,834,76,32,60,41,382,1542],"_links":{"self":[{"href":"https:\/\/www.locoxelrojo.com\/independiente\/wp-json\/wp\/v2\/posts\/18605"}],"collection":[{"href":"https:\/\/www.locoxelrojo.com\/independiente\/wp-json\/wp\/v2\/posts"}],"about":[{"href":"https:\/\/www.locoxelrojo.com\/independiente\/wp-json\/wp\/v2\/types\/post"}],"author":[{"embeddable":true,"href":"https:\/\/www.locoxelrojo.com\/independiente\/wp-json\/wp\/v2\/users\/1"}],"replies":[{"embeddable":true,"href":"https:\/\/www.locoxelrojo.com\/independiente\/wp-json\/wp\/v2\/comments?post=18605"}],"version-history":[{"count":0,"href":"https:\/\/www.locoxelrojo.com\/independiente\/wp-json\/wp\/v2\/posts\/18605\/revisions"}],"wp:attachment":[{"href":"https:\/\/www.locoxelrojo.com\/independiente\/wp-json\/wp\/v2\/media?parent=18605"}],"wp:term":[{"taxonomy":"category","embeddable":true,"href":"https:\/\/www.locoxelrojo.com\/independiente\/wp-json\/wp\/v2\/categories?post=18605"},{"taxonomy":"post_tag","embeddable":true,"href":"https:\/\/www.locoxelrojo.com\/independiente\/wp-json\/wp\/v2\/tags?post=18605"}],"curies":[{"name":"wp","href":"https:\/\/api.w.org\/{rel}","templated":true}]}}