{"id":18806,"date":"2012-06-22T21:08:33","date_gmt":"2012-06-23T00:08:33","guid":{"rendered":"http:\/\/www.locoxelrojo.com.ar\/independiente\/?p=18806"},"modified":"2012-06-22T21:08:33","modified_gmt":"2012-06-23T00:08:33","slug":"lasaigues-no-nos-ha-llamado-nadie-de-newells","status":"publish","type":"post","link":"https:\/\/www.locoxelrojo.com\/independiente\/2012\/06\/22\/lasaigues-no-nos-ha-llamado-nadie-de-newells\/","title":{"rendered":"Lasaigues: &#8220;No nos ha llamado nadie de Newell&#8217;s&#8221;"},"content":{"rendered":"<p><a href=\"http:\/\/www.locoxelrojo.com.ar\/independiente\/wp-content\/uploads\/2012\/06\/Fredes-2.jpg\"><img loading=\"lazy\" class=\"alignnone size-full wp-image-18807\" title=\"Fredes 2\" src=\"http:\/\/www.locoxelrojo.com.ar\/independiente\/wp-content\/uploads\/2012\/06\/Fredes-2.jpg\" alt=\"\" width=\"590\" height=\"315\" srcset=\"https:\/\/locoxelrojo.com\/independiente\/wp-content\/uploads\/2012\/06\/Fredes-2.jpg 590w, https:\/\/locoxelrojo.com\/independiente\/wp-content\/uploads\/2012\/06\/Fredes-2-300x160.jpg 300w\" sizes=\"(max-width: 590px) 100vw, 590px\" \/><\/a><\/p>\n<p>El representante de Hern\u00e1n Fredes, Alejandro Lasaigues, manifest\u00f3 <strong>esta noche en Rojos de Pasi\u00f3n que no lo llam\u00f3 nadie de Newell&#8217;s para pedir al jugador. Y agreg\u00f3: &#8220;Est\u00e1 c\u00f3modo en Independiente&#8221;.<\/strong><\/p>\n<p><strong>&#8220;No nos ha llamado nadie de Newell&#8217;s por Hern\u00e1n. Tampoco tenemos novedades de que Martino quiera a Fredes en Newell&#8217;s. Si lo quieren tendr\u00e1n que llamar a Cantero&#8221;<\/strong>, expres\u00f3 sobre los rumores que se corrieron esta semana.<\/p>\n<p>Por otro lado, cont\u00f3 que el jugador se siente bien en el club y que de irse, ser\u00e1 a Europa: <strong>&#8220;Hernan est\u00e1 muy bien y en un momento muy bueno, en Independiente siempre esta c\u00f3modo. Se merece una transferencia al exterior, pero si no ten\u00e9s ofertas es muy dif\u00edcil&#8221;.<\/strong><\/p>\n<p><strong>&#8220;Desde hace algunos a\u00f1os el mercado se mueve poco y los clubes europeos buscan jugadores libres&#8221;<\/strong>, cerr\u00f3.<\/p>\n","protected":false},"excerpt":{"rendered":"<p>El representante de Hern\u00e1n Fredes, Alejandro Lasaigues, manifest\u00f3 esta noche en Rojos de Pasi\u00f3n que no lo llam\u00f3 nadie de Newell&#8217;s para pedir al jugador. Y agreg\u00f3: &#8220;Est\u00e1 c\u00f3modo en Independiente&#8221;. &#8220;No nos ha llamado nadie de Newell&#8217;s por Hern\u00e1n. Tampoco tenemos novedades de que Martino quiera a Fredes en Newell&#8217;s. Si lo quieren tendr\u00e1n [&hellip;]<\/p>\n","protected":false},"author":11,"featured_media":0,"comment_status":"open","ping_status":"open","sticky":false,"template":"","format":"standard","meta":{"_links_to":"","_links_to_target":""},"categories":[3,1],"tags":[1555,71,173,723,647],"_links":{"self":[{"href":"https:\/\/www.locoxelrojo.com\/independiente\/wp-json\/wp\/v2\/posts\/18806"}],"collection":[{"href":"https:\/\/www.locoxelrojo.com\/independiente\/wp-json\/wp\/v2\/posts"}],"about":[{"href":"https:\/\/www.locoxelrojo.com\/independiente\/wp-json\/wp\/v2\/types\/post"}],"author":[{"embeddable":true,"href":"https:\/\/www.locoxelrojo.com\/independiente\/wp-json\/wp\/v2\/users\/11"}],"replies":[{"embeddable":true,"href":"https:\/\/www.locoxelrojo.com\/independiente\/wp-json\/wp\/v2\/comments?post=18806"}],"version-history":[{"count":0,"href":"https:\/\/www.locoxelrojo.com\/independiente\/wp-json\/wp\/v2\/posts\/18806\/revisions"}],"wp:attachment":[{"href":"https:\/\/www.locoxelrojo.com\/independiente\/wp-json\/wp\/v2\/media?parent=18806"}],"wp:term":[{"taxonomy":"category","embeddable":true,"href":"https:\/\/www.locoxelrojo.com\/independiente\/wp-json\/wp\/v2\/categories?post=18806"},{"taxonomy":"post_tag","embeddable":true,"href":"https:\/\/www.locoxelrojo.com\/independiente\/wp-json\/wp\/v2\/tags?post=18806"}],"curies":[{"name":"wp","href":"https:\/\/api.w.org\/{rel}","templated":true}]}}