{"id":18814,"date":"2012-06-22T21:51:46","date_gmt":"2012-06-23T00:51:46","guid":{"rendered":"http:\/\/www.locoxelrojo.com.ar\/independiente\/?p=18814"},"modified":"2012-06-23T00:49:17","modified_gmt":"2012-06-23T03:49:17","slug":"matheu-el-sabado-es-mi-ultimo-dia-en-el-club","status":"publish","type":"post","link":"https:\/\/www.locoxelrojo.com\/independiente\/2012\/06\/22\/matheu-el-sabado-es-mi-ultimo-dia-en-el-club\/","title":{"rendered":"Matheu: &#8220;El s\u00e1bado es mi \u00faltimo d\u00eda en el club&#8221;"},"content":{"rendered":"<p><a href=\"http:\/\/www.locoxelrojo.com.ar\/independiente\/wp-content\/uploads\/2012\/06\/Matheu-3.jpg\"><img loading=\"lazy\" class=\"alignnone size-full wp-image-18815\" title=\"Matheu 3\" src=\"http:\/\/www.locoxelrojo.com.ar\/independiente\/wp-content\/uploads\/2012\/06\/Matheu-3.jpg\" alt=\"\" width=\"590\" height=\"315\" srcset=\"https:\/\/locoxelrojo.com\/independiente\/wp-content\/uploads\/2012\/06\/Matheu-3.jpg 590w, https:\/\/locoxelrojo.com\/independiente\/wp-content\/uploads\/2012\/06\/Matheu-3-300x160.jpg 300w\" sizes=\"(max-width: 590px) 100vw, 590px\" \/><\/a><\/p>\n<p>Carlos Matheu dialog\u00f3 con Ol\u00e9 y expres\u00f3 su bronca por la inminente salida de Independiente: <strong>&#8220;El s\u00e1bado es mi \u00faltimo d\u00eda en el club. Voy a entrenar sabiendo que no juego&#8221;. Y agreg\u00f3: &#8220;Creo que merezco otro trato&#8221;.<\/strong><\/p>\n<p><strong>&#8220;El s\u00e1bado es mi \u00faltimo d\u00eda en el club. Voy a entrenar sabiendo que no juego. Hay esfuerzos que uno hizo que no fueron valorados. Hubiera sido lindo poder irme del club pudiendo jugar&#8221;<\/strong>, manifest\u00f3 el defensor que quedar\u00e1 libre.<\/p>\n<p>Por otro lado, asegur\u00f3 que las razones de su poca participaci\u00f3n en el equipo fueron extrafutbol\u00edsticas: <strong>&#8220;Me duele no poder jugar por una decision que escapa a lo futbol\u00edstico. El DT me lo dijo antes del partido con San Lorenzo. Que no me lo hayan comunicado directamente es algo que creo que no merezco. Creo que merezco otro trato&#8221;.<\/strong><\/p>\n<p>Finalmente agradeci\u00f3 que Cristian D\u00edaz haya sido frontal con \u00e9l y le envi\u00f3 un mensaje a los hinchas:<strong> &#8220;Le agradezco al t\u00e9cnico porque \u00e9l vino y me dijo las cosas de frente, y a la gente por todo lo que me dio&#8221;.<\/strong><\/p>\n","protected":false},"excerpt":{"rendered":"<p>Carlos Matheu dialog\u00f3 con Ol\u00e9 y expres\u00f3 su bronca por la inminente salida de Independiente: &#8220;El s\u00e1bado es mi \u00faltimo d\u00eda en el club. Voy a entrenar sabiendo que no juego&#8221;. Y agreg\u00f3: &#8220;Creo que merezco otro trato&#8221;. &#8220;El s\u00e1bado es mi \u00faltimo d\u00eda en el club. Voy a entrenar sabiendo que no juego. Hay [&hellip;]<\/p>\n","protected":false},"author":11,"featured_media":0,"comment_status":"open","ping_status":"open","sticky":false,"template":"","format":"standard","meta":{"_links_to":"","_links_to_target":""},"categories":[3,1],"tags":[27,188,173,382],"_links":{"self":[{"href":"https:\/\/www.locoxelrojo.com\/independiente\/wp-json\/wp\/v2\/posts\/18814"}],"collection":[{"href":"https:\/\/www.locoxelrojo.com\/independiente\/wp-json\/wp\/v2\/posts"}],"about":[{"href":"https:\/\/www.locoxelrojo.com\/independiente\/wp-json\/wp\/v2\/types\/post"}],"author":[{"embeddable":true,"href":"https:\/\/www.locoxelrojo.com\/independiente\/wp-json\/wp\/v2\/users\/11"}],"replies":[{"embeddable":true,"href":"https:\/\/www.locoxelrojo.com\/independiente\/wp-json\/wp\/v2\/comments?post=18814"}],"version-history":[{"count":0,"href":"https:\/\/www.locoxelrojo.com\/independiente\/wp-json\/wp\/v2\/posts\/18814\/revisions"}],"wp:attachment":[{"href":"https:\/\/www.locoxelrojo.com\/independiente\/wp-json\/wp\/v2\/media?parent=18814"}],"wp:term":[{"taxonomy":"category","embeddable":true,"href":"https:\/\/www.locoxelrojo.com\/independiente\/wp-json\/wp\/v2\/categories?post=18814"},{"taxonomy":"post_tag","embeddable":true,"href":"https:\/\/www.locoxelrojo.com\/independiente\/wp-json\/wp\/v2\/tags?post=18814"}],"curies":[{"name":"wp","href":"https:\/\/api.w.org\/{rel}","templated":true}]}}