{"id":18947,"date":"2012-06-27T21:26:37","date_gmt":"2012-06-28T00:26:37","guid":{"rendered":"http:\/\/www.locoxelrojo.com.ar\/independiente\/?p=18947"},"modified":"2012-06-27T21:26:37","modified_gmt":"2012-06-28T00:26:37","slug":"a-la-espera-de-bolatti","status":"publish","type":"post","link":"https:\/\/www.locoxelrojo.com\/independiente\/2012\/06\/27\/a-la-espera-de-bolatti\/","title":{"rendered":"A la espera de Bolatti"},"content":{"rendered":"<p><a href=\"http:\/\/www.locoxelrojo.com.ar\/independiente\/wp-content\/uploads\/2012\/06\/mbolatti.jpg\"><img loading=\"lazy\" class=\"alignnone size-full wp-image-18948\" title=\"mbolatti\" src=\"http:\/\/www.locoxelrojo.com.ar\/independiente\/wp-content\/uploads\/2012\/06\/mbolatti.jpg\" alt=\"\" width=\"590\" height=\"315\" srcset=\"https:\/\/locoxelrojo.com\/independiente\/wp-content\/uploads\/2012\/06\/mbolatti.jpg 590w, https:\/\/locoxelrojo.com\/independiente\/wp-content\/uploads\/2012\/06\/mbolatti-300x160.jpg 300w\" sizes=\"(max-width: 590px) 100vw, 590px\" \/><\/a><\/p>\n<p>El deseo de todo Independiente es poder contar con Mario Bolatti para la pr\u00f3xima temporada. El Rojo fue el primero que se movi\u00f3 en la b\u00fasqueda del volante que actualmente juega en el Inter de Porto Alegre y en las \u00faltimas horas surgieron algunos competidores.<\/p>\n<p>Desde la Subcomisi\u00f3n de F\u00fatbol Profesional cuentan que hicieron todo lo que estaba a su alcance para que Bolatti llegue al club. Incluso, hasta el propio Javier Cantero declar\u00f3 que <strong>&#8220;ser\u00eda un sue\u00f1o ver a Bolatti con la 5 de Independiente&#8221;<\/strong>.<\/p>\n<p><strong>\u201cEl martes pasado hemos viajado a Porto Alegre por Bolatti, hicimos una oferta y el jugador quedo en contestar. Ganar\u00e1 quien tenga m\u00e1s billetera. Nosotros la gesti\u00f3n la hemos hecho, vimos la pr\u00e1ctica y estuvimos hablando con Mario para que en el caso de que tengan otra oferta, antes nos consulten&#8221;<\/strong>, cont\u00f3 Armando Fell\u00edn, uno de los integrantes de la Subcomisi\u00f3n en <strong>Campanas del Infierno<\/strong>.<\/p>\n<p>En Independiente esperan una respuesta a la oferta que realiz\u00f3. <strong>Desde LocoXelRojo averiguamos entre los dirigentes si ya existi\u00f3 alguna contestaci\u00f3n y hasta el momento no la hubo.<\/strong> Son optimistas y prefieren guardar silencio sobre este pase.<\/p>\n<p>En la mira tambi\u00e9n de varios equipos brasileros, <strong>River Plate es el otro argentino interesado en el ex Hurac\u00e1n. Seg\u00fan averiguaron desde De La Cuna Al Infierno, la oferta lleg\u00f3 a trav\u00e9s de un intermediario con un poder para negociar por Bolatti, aunque con total desconocimiento de su representante. LocoXelRojo habl\u00f3 con un dirigente del club Millonario y el puesto de volante central no es prioridad para reforzar.<\/strong><\/p>\n<p>La novela tendr\u00e1 m\u00e1s cap\u00edtulos y ojal\u00e1 sea con un final feliz para Independiente.<\/p>\n","protected":false},"excerpt":{"rendered":"<p>El deseo de todo Independiente es poder contar con Mario Bolatti para la pr\u00f3xima temporada. El Rojo fue el primero que se movi\u00f3 en la b\u00fasqueda del volante que actualmente juega en el Inter de Porto Alegre y en las \u00faltimas horas surgieron algunos competidores. Desde la Subcomisi\u00f3n de F\u00fatbol Profesional cuentan que hicieron todo [&hellip;]<\/p>\n","protected":false},"author":1,"featured_media":0,"comment_status":"open","ping_status":"open","sticky":false,"template":"","format":"standard","meta":{"_links_to":"","_links_to_target":""},"categories":[3,1],"tags":[1381,153,357,723,1508,1481],"_links":{"self":[{"href":"https:\/\/www.locoxelrojo.com\/independiente\/wp-json\/wp\/v2\/posts\/18947"}],"collection":[{"href":"https:\/\/www.locoxelrojo.com\/independiente\/wp-json\/wp\/v2\/posts"}],"about":[{"href":"https:\/\/www.locoxelrojo.com\/independiente\/wp-json\/wp\/v2\/types\/post"}],"author":[{"embeddable":true,"href":"https:\/\/www.locoxelrojo.com\/independiente\/wp-json\/wp\/v2\/users\/1"}],"replies":[{"embeddable":true,"href":"https:\/\/www.locoxelrojo.com\/independiente\/wp-json\/wp\/v2\/comments?post=18947"}],"version-history":[{"count":0,"href":"https:\/\/www.locoxelrojo.com\/independiente\/wp-json\/wp\/v2\/posts\/18947\/revisions"}],"wp:attachment":[{"href":"https:\/\/www.locoxelrojo.com\/independiente\/wp-json\/wp\/v2\/media?parent=18947"}],"wp:term":[{"taxonomy":"category","embeddable":true,"href":"https:\/\/www.locoxelrojo.com\/independiente\/wp-json\/wp\/v2\/categories?post=18947"},{"taxonomy":"post_tag","embeddable":true,"href":"https:\/\/www.locoxelrojo.com\/independiente\/wp-json\/wp\/v2\/tags?post=18947"}],"curies":[{"name":"wp","href":"https:\/\/api.w.org\/{rel}","templated":true}]}}