{"id":19090,"date":"2012-07-06T14:11:13","date_gmt":"2012-07-06T17:11:13","guid":{"rendered":"http:\/\/www.locoxelrojo.com.ar\/independiente\/?p=19090"},"modified":"2012-07-06T14:11:13","modified_gmt":"2012-07-06T17:11:13","slug":"el-plantel-se-realizo-estudios-medicos","status":"publish","type":"post","link":"https:\/\/www.locoxelrojo.com\/independiente\/2012\/07\/06\/el-plantel-se-realizo-estudios-medicos\/","title":{"rendered":"El plantel se realiz\u00f3 estudios m\u00e9dicos"},"content":{"rendered":"<p><a href=\"http:\/\/www.locoxelrojo.com.ar\/independiente\/wp-content\/uploads\/2012\/07\/Entrenamiento-15.jpg\"><img loading=\"lazy\" class=\"alignnone size-full wp-image-19091\" title=\"Entrenamiento 15\" src=\"http:\/\/www.locoxelrojo.com.ar\/independiente\/wp-content\/uploads\/2012\/07\/Entrenamiento-15.jpg\" alt=\"\" width=\"590\" height=\"315\" srcset=\"https:\/\/locoxelrojo.com\/independiente\/wp-content\/uploads\/2012\/07\/Entrenamiento-15.jpg 590w, https:\/\/locoxelrojo.com\/independiente\/wp-content\/uploads\/2012\/07\/Entrenamiento-15-300x160.jpg 300w\" sizes=\"(max-width: 590px) 100vw, 590px\" \/><\/a><\/p>\n<p>El plantel de Independiente se present\u00f3 otra vez esta ma\u00f1ana en Villa Dom\u00ednico y se realiz\u00f3 estudios m\u00e9dicos. Luego, hicieron trabajos f\u00edsicos. <strong>Samuel C\u00e1ceres se entren\u00f3 con el equipo.<\/strong><\/p>\n<p>Termin\u00f3 el segundo d\u00eda de pretemporada, por ahora liviana.<strong> Los jugadores de Cristian D\u00edaz hicieron los estudios m\u00e9dicos pertinentes previo al viaje a Tandil del lunes y luego hicieron trabajos f\u00edsicos sin exigirse.<\/strong><\/p>\n<p><strong>La cara nueva de la ma\u00f1ana fue Samuel C\u00e1ceres<\/strong>, quien termin\u00f3 su licencia por el ascenso con Chicago y ya est\u00e1 a disposici\u00f3n. Como asegur\u00f3 el entrenador ayer, <strong>el defensor viajar\u00e1 a La Posada de los P\u00e1jaros.<\/strong><\/p>\n","protected":false},"excerpt":{"rendered":"<p>El plantel de Independiente se present\u00f3 otra vez esta ma\u00f1ana en Villa Dom\u00ednico y se realiz\u00f3 estudios m\u00e9dicos. Luego, hicieron trabajos f\u00edsicos. Samuel C\u00e1ceres se entren\u00f3 con el equipo. Termin\u00f3 el segundo d\u00eda de pretemporada, por ahora liviana. Los jugadores de Cristian D\u00edaz hicieron los estudios m\u00e9dicos pertinentes previo al viaje a Tandil del lunes [&hellip;]<\/p>\n","protected":false},"author":11,"featured_media":0,"comment_status":"open","ping_status":"open","sticky":false,"template":"","format":"standard","meta":{"_links_to":"","_links_to_target":""},"categories":[3,1],"tags":[153,188,192,1561],"_links":{"self":[{"href":"https:\/\/www.locoxelrojo.com\/independiente\/wp-json\/wp\/v2\/posts\/19090"}],"collection":[{"href":"https:\/\/www.locoxelrojo.com\/independiente\/wp-json\/wp\/v2\/posts"}],"about":[{"href":"https:\/\/www.locoxelrojo.com\/independiente\/wp-json\/wp\/v2\/types\/post"}],"author":[{"embeddable":true,"href":"https:\/\/www.locoxelrojo.com\/independiente\/wp-json\/wp\/v2\/users\/11"}],"replies":[{"embeddable":true,"href":"https:\/\/www.locoxelrojo.com\/independiente\/wp-json\/wp\/v2\/comments?post=19090"}],"version-history":[{"count":0,"href":"https:\/\/www.locoxelrojo.com\/independiente\/wp-json\/wp\/v2\/posts\/19090\/revisions"}],"wp:attachment":[{"href":"https:\/\/www.locoxelrojo.com\/independiente\/wp-json\/wp\/v2\/media?parent=19090"}],"wp:term":[{"taxonomy":"category","embeddable":true,"href":"https:\/\/www.locoxelrojo.com\/independiente\/wp-json\/wp\/v2\/categories?post=19090"},{"taxonomy":"post_tag","embeddable":true,"href":"https:\/\/www.locoxelrojo.com\/independiente\/wp-json\/wp\/v2\/tags?post=19090"}],"curies":[{"name":"wp","href":"https:\/\/api.w.org\/{rel}","templated":true}]}}