{"id":19132,"date":"2012-07-07T16:15:28","date_gmt":"2012-07-07T19:15:28","guid":{"rendered":"http:\/\/www.locoxelrojo.com.ar\/independiente\/?p=19132"},"modified":"2012-07-07T17:16:00","modified_gmt":"2012-07-07T20:16:00","slug":"caceres-cristian-me-dijo-que-me-va-a-tener-en-cuenta","status":"publish","type":"post","link":"https:\/\/www.locoxelrojo.com\/independiente\/2012\/07\/07\/caceres-cristian-me-dijo-que-me-va-a-tener-en-cuenta\/","title":{"rendered":"C\u00e1ceres: \u201cCristian me dijo que me va a tener en cuenta\u201d"},"content":{"rendered":"<p><a href=\"http:\/\/www.locoxelrojo.com.ar\/independiente\/wp-content\/uploads\/2012\/07\/samuel_caceres.jpg\"><img loading=\"lazy\" class=\"alignnone size-full wp-image-19136\" title=\"samuel_caceres\" src=\"http:\/\/www.locoxelrojo.com.ar\/independiente\/wp-content\/uploads\/2012\/07\/samuel_caceres.jpg\" alt=\"\" width=\"590\" height=\"315\" srcset=\"https:\/\/locoxelrojo.com\/independiente\/wp-content\/uploads\/2012\/07\/samuel_caceres.jpg 590w, https:\/\/locoxelrojo.com\/independiente\/wp-content\/uploads\/2012\/07\/samuel_caceres-300x160.jpg 300w\" sizes=\"(max-width: 590px) 100vw, 590px\" \/><\/a><\/p>\n<p>Samuel C\u00e1ceres, quien el \u00faltimo semestre jug\u00f3 para Nueva Chicago y consigui\u00f3 el ascenso al Nacional B, habl\u00f3 con <strong>Emoci\u00f3n Roja<\/strong> y se mostr\u00f3 contento de poder tener una nueva chance en Independiente.<\/p>\n<p><strong>&#8220;Cristian me dijo que me va a tener en cuenta, va a ser una pelea sana por el puesto&#8221;<\/strong>, cont\u00f3 el central quien el lunes viajar\u00e1 a la Pretemporada en Tandil junto a sus compa\u00f1eros.<\/p>\n<p>Con el retiro de Gabriel Milito, Cristian D\u00edaz actualmente cuenta con 5 centrales: Eduardo Tuzzio, Juli\u00e1n Vel\u00e1zquez, Leonel Galeano, Samuel C\u00e1ceres y el juvenil Federico Gay. La idea del entrenador y la dirigencia es contratar a un central de categor\u00eda con experiencia y ya suenan los nombres de Fernando Ort\u00edz y Christian Cellay.<\/p>\n<p>D\u00edaz fue claro y publicamente dijo que <strong>&#8220;mientras no llegue alguna oferta interesante para el club y el jugador, tanto C\u00e1ceres como Mancuello que volvieron, van a trabajar con el grupo&#8221;<\/strong>. A pesar de ser hoy por hoy el cuarto en su puesto, el central conf\u00eda en poder ganarse su lugar en el equipo: <strong>&#8220;Cristian me conoce y sabe que estoy a su disposici\u00f3n&#8221;<\/strong>.<\/p>\n<p>En Nueva Chicago, C\u00e1ceres dej\u00f3 una buena imagen y el defensor se encari\u00f1\u00f3 mucho con el club:<strong> &#8220;all\u00e1 me gan\u00e9 un puesto, y estoy muy agradecido con Nueva Chicago&#8221;<\/strong>. Por \u00faltimo afirm\u00f3 que su paso por el Ascenso le sirvi\u00f3 mucho: <strong>&#8220;gan\u00e9 mucha experiencia en la B Metropolitana&#8221;.<\/strong><\/p>\n","protected":false},"excerpt":{"rendered":"<p>Samuel C\u00e1ceres, quien el \u00faltimo semestre jug\u00f3 para Nueva Chicago y consigui\u00f3 el ascenso al Nacional B, habl\u00f3 con Emoci\u00f3n Roja y se mostr\u00f3 contento de poder tener una nueva chance en Independiente. &#8220;Cristian me dijo que me va a tener en cuenta, va a ser una pelea sana por el puesto&#8221;, cont\u00f3 el central [&hellip;]<\/p>\n","protected":false},"author":1,"featured_media":0,"comment_status":"open","ping_status":"open","sticky":false,"template":"","format":"standard","meta":{"_links_to":"","_links_to_target":""},"categories":[3,1],"tags":[153,188,1590,192],"_links":{"self":[{"href":"https:\/\/www.locoxelrojo.com\/independiente\/wp-json\/wp\/v2\/posts\/19132"}],"collection":[{"href":"https:\/\/www.locoxelrojo.com\/independiente\/wp-json\/wp\/v2\/posts"}],"about":[{"href":"https:\/\/www.locoxelrojo.com\/independiente\/wp-json\/wp\/v2\/types\/post"}],"author":[{"embeddable":true,"href":"https:\/\/www.locoxelrojo.com\/independiente\/wp-json\/wp\/v2\/users\/1"}],"replies":[{"embeddable":true,"href":"https:\/\/www.locoxelrojo.com\/independiente\/wp-json\/wp\/v2\/comments?post=19132"}],"version-history":[{"count":0,"href":"https:\/\/www.locoxelrojo.com\/independiente\/wp-json\/wp\/v2\/posts\/19132\/revisions"}],"wp:attachment":[{"href":"https:\/\/www.locoxelrojo.com\/independiente\/wp-json\/wp\/v2\/media?parent=19132"}],"wp:term":[{"taxonomy":"category","embeddable":true,"href":"https:\/\/www.locoxelrojo.com\/independiente\/wp-json\/wp\/v2\/categories?post=19132"},{"taxonomy":"post_tag","embeddable":true,"href":"https:\/\/www.locoxelrojo.com\/independiente\/wp-json\/wp\/v2\/tags?post=19132"}],"curies":[{"name":"wp","href":"https:\/\/api.w.org\/{rel}","templated":true}]}}