{"id":19284,"date":"2012-07-14T16:55:00","date_gmt":"2012-07-14T19:55:00","guid":{"rendered":"http:\/\/www.locoxelrojo.com.ar\/independiente\/?p=19284"},"modified":"2012-07-14T16:55:00","modified_gmt":"2012-07-14T19:55:00","slug":"la-nieve-no-los-detuvo","status":"publish","type":"post","link":"https:\/\/www.locoxelrojo.com\/independiente\/2012\/07\/14\/la-nieve-no-los-detuvo\/","title":{"rendered":"La nieve no los detuvo"},"content":{"rendered":"<p><a href=\"http:\/\/www.locoxelrojo.com.ar\/independiente\/wp-content\/uploads\/2012\/07\/tandil_independiente.jpg\"><img loading=\"lazy\" class=\"alignnone size-full wp-image-19291\" title=\"tandil_independiente\" src=\"http:\/\/www.locoxelrojo.com.ar\/independiente\/wp-content\/uploads\/2012\/07\/tandil_independiente.jpg\" alt=\"\" width=\"590\" height=\"315\" srcset=\"https:\/\/locoxelrojo.com\/independiente\/wp-content\/uploads\/2012\/07\/tandil_independiente.jpg 590w, https:\/\/locoxelrojo.com\/independiente\/wp-content\/uploads\/2012\/07\/tandil_independiente-300x160.jpg 300w\" sizes=\"(max-width: 590px) 100vw, 590px\" \/><\/a><\/p>\n<p>Independiente comenz\u00f3 la segunda semana de trabajos en Tandil. El agua nieve matutina no los detuvo y los dirigidos por Cristian D\u00edaz estuvieron en el gimnasio luego de desayunar. Por las arduas exigencias del triple turno el plantel iba a tener la tarde libre. Sin embargo, la jornada soleada invit\u00f3 para que se realice una pr\u00e1ctica vespertina de f\u00fatbol en el Estadio Municipal de Tandil.<\/p>\n<p>Tal como sucedi\u00f3 durante toda la pretemporada, la misma tuvo lugar desde las 16 horas, luego de la siesta y ante la atenta mirada de los fieles seguidores de la pe\u00f1a local. Patricio Rodr\u00edguez y Juli\u00e1n Vel\u00e1zquez se entrenaron diferenciado e hicieron f\u00fatbol tenis. V\u00edctor Zapata, por su parte, trot\u00f3 junto al paraguayo Fern\u00e1ndez quien se entrena con menores cargas ante las arduas exigencias de la pretemporada.<\/p>\n<p>Por la noche el plantel tendr\u00e1 libre y cenar\u00e1 en conjunto. El domingo habr\u00e1 descanso y el triple turno se retomar\u00e1 a partir del lunes con trabajos f\u00edsicos, gimnasio y f\u00fatbol por la tarde. Cabe destacar que hay un encuentro amistoso pautado con Belgrano de \u00a0C\u00f3rdoba en d\u00eda y horario a confirmar.<\/p>\n<p><span style=\"color: #888888;\"><em>Foto: Carlos Maidana.<\/em><\/span><\/p>\n","protected":false},"excerpt":{"rendered":"<p>Independiente comenz\u00f3 la segunda semana de trabajos en Tandil. El agua nieve matutina no los detuvo y los dirigidos por Cristian D\u00edaz estuvieron en el gimnasio luego de desayunar. Por las arduas exigencias del triple turno el plantel iba a tener la tarde libre. Sin embargo, la jornada soleada invit\u00f3 para que se realice una [&hellip;]<\/p>\n","protected":false},"author":1,"featured_media":0,"comment_status":"open","ping_status":"open","sticky":false,"template":"","format":"standard","meta":{"_links_to":"","_links_to_target":""},"categories":[3,1],"tags":[153,1607,471,1561,1571],"_links":{"self":[{"href":"https:\/\/www.locoxelrojo.com\/independiente\/wp-json\/wp\/v2\/posts\/19284"}],"collection":[{"href":"https:\/\/www.locoxelrojo.com\/independiente\/wp-json\/wp\/v2\/posts"}],"about":[{"href":"https:\/\/www.locoxelrojo.com\/independiente\/wp-json\/wp\/v2\/types\/post"}],"author":[{"embeddable":true,"href":"https:\/\/www.locoxelrojo.com\/independiente\/wp-json\/wp\/v2\/users\/1"}],"replies":[{"embeddable":true,"href":"https:\/\/www.locoxelrojo.com\/independiente\/wp-json\/wp\/v2\/comments?post=19284"}],"version-history":[{"count":0,"href":"https:\/\/www.locoxelrojo.com\/independiente\/wp-json\/wp\/v2\/posts\/19284\/revisions"}],"wp:attachment":[{"href":"https:\/\/www.locoxelrojo.com\/independiente\/wp-json\/wp\/v2\/media?parent=19284"}],"wp:term":[{"taxonomy":"category","embeddable":true,"href":"https:\/\/www.locoxelrojo.com\/independiente\/wp-json\/wp\/v2\/categories?post=19284"},{"taxonomy":"post_tag","embeddable":true,"href":"https:\/\/www.locoxelrojo.com\/independiente\/wp-json\/wp\/v2\/tags?post=19284"}],"curies":[{"name":"wp","href":"https:\/\/api.w.org\/{rel}","templated":true}]}}