{"id":19316,"date":"2012-07-15T21:09:55","date_gmt":"2012-07-16T00:09:55","guid":{"rendered":"http:\/\/www.locoxelrojo.com.ar\/independiente\/?p=19316"},"modified":"2012-07-15T21:09:55","modified_gmt":"2012-07-16T00:09:55","slug":"tachalo-a-ortiz","status":"publish","type":"post","link":"https:\/\/www.locoxelrojo.com\/independiente\/2012\/07\/15\/tachalo-a-ortiz\/","title":{"rendered":"Tachalo a Ort\u00edz"},"content":{"rendered":"<p><a href=\"http:\/\/www.locoxelrojo.com.ar\/independiente\/wp-content\/uploads\/2012\/07\/ortiz1.jpg\"><img loading=\"lazy\" class=\"alignnone size-full wp-image-19318\" title=\"ortiz\" src=\"http:\/\/www.locoxelrojo.com.ar\/independiente\/wp-content\/uploads\/2012\/07\/ortiz1.jpg\" alt=\"\" width=\"590\" height=\"315\" srcset=\"https:\/\/locoxelrojo.com\/independiente\/wp-content\/uploads\/2012\/07\/ortiz1.jpg 590w, https:\/\/locoxelrojo.com\/independiente\/wp-content\/uploads\/2012\/07\/ortiz1-300x160.jpg 300w\" sizes=\"(max-width: 590px) 100vw, 590px\" \/><\/a><\/p>\n<p><strong>Javier Cantero descart\u00f3 esta tarde v\u00eda twitter la posibilidad de que Fernando Ortiz llegue a Independiente. Todo indica que ir\u00e1 a Racing.<\/strong><\/p>\n<p>El inter\u00e9s de Independiente por el ex central de V\u00e9lez era concreto. Lo cierto es que hab\u00eda otro competidor, Racing. <strong>Tras varias vueltas y ofertas de diversos montos, esta tarde se confirm\u00f3 que el jugador no llegar\u00e1 al Rojo. <\/strong><\/p>\n<p><strong>&#8220;Fernando Ort\u00edz no jugar\u00e1 en Independiente la pr\u00f3xima temporada. Por excelente persona le deseamos lo mejor a el y su familia&#8221;<\/strong>, expres\u00f3 el presidente en su cuenta personal de Twitter.<\/p>\n<p><strong>Desde LocoXelRojo pudimos averiguar que la intenci\u00f3n de la dirigencia es que Leonel Galeano sea el futuro jugador a vender<\/strong>. De todas formas, esto no quiere decir que no se vaya a buscar un central, sobre todo si Juli\u00e1n Vel\u00e1zquez llega a irse al Genoa.<\/p>\n","protected":false},"excerpt":{"rendered":"<p>Javier Cantero descart\u00f3 esta tarde v\u00eda twitter la posibilidad de que Fernando Ortiz llegue a Independiente. Todo indica que ir\u00e1 a Racing. El inter\u00e9s de Independiente por el ex central de V\u00e9lez era concreto. Lo cierto es que hab\u00eda otro competidor, Racing. Tras varias vueltas y ofertas de diversos montos, esta tarde se confirm\u00f3 que [&hellip;]<\/p>\n","protected":false},"author":11,"featured_media":0,"comment_status":"open","ping_status":"open","sticky":false,"template":"","format":"standard","meta":{"_links_to":"","_links_to_target":""},"categories":[3,1],"tags":[153,1584,32,60],"_links":{"self":[{"href":"https:\/\/www.locoxelrojo.com\/independiente\/wp-json\/wp\/v2\/posts\/19316"}],"collection":[{"href":"https:\/\/www.locoxelrojo.com\/independiente\/wp-json\/wp\/v2\/posts"}],"about":[{"href":"https:\/\/www.locoxelrojo.com\/independiente\/wp-json\/wp\/v2\/types\/post"}],"author":[{"embeddable":true,"href":"https:\/\/www.locoxelrojo.com\/independiente\/wp-json\/wp\/v2\/users\/11"}],"replies":[{"embeddable":true,"href":"https:\/\/www.locoxelrojo.com\/independiente\/wp-json\/wp\/v2\/comments?post=19316"}],"version-history":[{"count":0,"href":"https:\/\/www.locoxelrojo.com\/independiente\/wp-json\/wp\/v2\/posts\/19316\/revisions"}],"wp:attachment":[{"href":"https:\/\/www.locoxelrojo.com\/independiente\/wp-json\/wp\/v2\/media?parent=19316"}],"wp:term":[{"taxonomy":"category","embeddable":true,"href":"https:\/\/www.locoxelrojo.com\/independiente\/wp-json\/wp\/v2\/categories?post=19316"},{"taxonomy":"post_tag","embeddable":true,"href":"https:\/\/www.locoxelrojo.com\/independiente\/wp-json\/wp\/v2\/tags?post=19316"}],"curies":[{"name":"wp","href":"https:\/\/api.w.org\/{rel}","templated":true}]}}