{"id":19330,"date":"2012-07-16T16:30:34","date_gmt":"2012-07-16T19:30:34","guid":{"rendered":"http:\/\/www.locoxelrojo.com.ar\/independiente\/?p=19330"},"modified":"2012-07-16T16:30:34","modified_gmt":"2012-07-16T19:30:34","slug":"contreras-por-villar-no-hay-nada-cerrado-con-nadie","status":"publish","type":"post","link":"https:\/\/www.locoxelrojo.com\/independiente\/2012\/07\/16\/contreras-por-villar-no-hay-nada-cerrado-con-nadie\/","title":{"rendered":"Contreras: &#8220;Por Villar no hay nada cerrado con nadie&#8221;"},"content":{"rendered":"<p><a href=\"http:\/\/www.locoxelrojo.com.ar\/independiente\/wp-content\/uploads\/2012\/07\/contreras_mario.jpg\"><img loading=\"lazy\" class=\"alignnone size-full wp-image-19331\" title=\"contreras_mario\" src=\"http:\/\/www.locoxelrojo.com.ar\/independiente\/wp-content\/uploads\/2012\/07\/contreras_mario.jpg\" alt=\"\" width=\"590\" height=\"315\" srcset=\"https:\/\/locoxelrojo.com\/independiente\/wp-content\/uploads\/2012\/07\/contreras_mario.jpg 590w, https:\/\/locoxelrojo.com\/independiente\/wp-content\/uploads\/2012\/07\/contreras_mario-300x160.jpg 300w\" sizes=\"(max-width: 590px) 100vw, 590px\" \/><\/a><\/p>\n<p>Por <strong>Radio Cooperativa, en el programa Los M\u00e1s Grandes<\/strong>, el <strong>Presidente de Godoy Cruz Mario Contreras desminti\u00f3 que Diego Villar ya es jugador de Racing Club<\/strong>. Lo \u00fanico cierto es que el volante es muy dif\u00edcil que contin\u00fae en el Tomba, con quien todav\u00eda est\u00e1 realizando los trabajos de Pretemporada.<\/p>\n<p><strong>\u201dPor ahora viaj\u00f3 con el micro de Godoy Cruz. No hay nada cerrado con nadie\u201d<\/strong>, aclar\u00f3 el dirigente. Adem\u00e1s, agreg\u00f3 que es casi un hecho que el marplatense no contin\u00fae en la instituci\u00f3n: <strong>&#8220;Villar se puede llegar a ir, porque hay muchos clubes interesados&#8221;<\/strong>.<\/p>\n<p><strong>&#8220;Nos reunimos con dirigentes de \u202aRacing\u202c, \u202aIndependiente\u202c y \u202aNewell\u00b4s, creo que se ir\u00e1 a otro club por la insistencia con la que estos clubes lo est\u00e1n solicitando. Ser\u00e1 cuesti\u00f3n de definir con cual llegamos a un acuerdo&#8221;<\/strong>, explic\u00f3.<\/p>\n<p><strong>Los derechos federativos de Villar pertenecen a el 50% a Godoy Cruz y el otro 50% a Gimnasia Y Esgrima La Plata. Los directivos del Lobo, ya aceptaron la oferta que el Rojo le realiz\u00f3. Ahora hay que esperar la respuesta del Tomba por la compra en efectivo del porcentaje restante.<\/strong> En el medio, los directivos de Racing ya acordaron con sus pares mendocinos y todav\u00eda restan cerrar todo con Gimnasia. Veremos en que termina toda esta novela&#8230;<\/p>\n","protected":false},"excerpt":{"rendered":"<p>Por Radio Cooperativa, en el programa Los M\u00e1s Grandes, el Presidente de Godoy Cruz Mario Contreras desminti\u00f3 que Diego Villar ya es jugador de Racing Club. Lo \u00fanico cierto es que el volante es muy dif\u00edcil que contin\u00fae en el Tomba, con quien todav\u00eda est\u00e1 realizando los trabajos de Pretemporada. \u201dPor ahora viaj\u00f3 con el [&hellip;]<\/p>\n","protected":false},"author":1,"featured_media":0,"comment_status":"open","ping_status":"open","sticky":false,"template":"","format":"standard","meta":{"_links_to":"","_links_to_target":""},"categories":[3,1],"tags":[153,1613,483,571,1195,210],"_links":{"self":[{"href":"https:\/\/www.locoxelrojo.com\/independiente\/wp-json\/wp\/v2\/posts\/19330"}],"collection":[{"href":"https:\/\/www.locoxelrojo.com\/independiente\/wp-json\/wp\/v2\/posts"}],"about":[{"href":"https:\/\/www.locoxelrojo.com\/independiente\/wp-json\/wp\/v2\/types\/post"}],"author":[{"embeddable":true,"href":"https:\/\/www.locoxelrojo.com\/independiente\/wp-json\/wp\/v2\/users\/1"}],"replies":[{"embeddable":true,"href":"https:\/\/www.locoxelrojo.com\/independiente\/wp-json\/wp\/v2\/comments?post=19330"}],"version-history":[{"count":0,"href":"https:\/\/www.locoxelrojo.com\/independiente\/wp-json\/wp\/v2\/posts\/19330\/revisions"}],"wp:attachment":[{"href":"https:\/\/www.locoxelrojo.com\/independiente\/wp-json\/wp\/v2\/media?parent=19330"}],"wp:term":[{"taxonomy":"category","embeddable":true,"href":"https:\/\/www.locoxelrojo.com\/independiente\/wp-json\/wp\/v2\/categories?post=19330"},{"taxonomy":"post_tag","embeddable":true,"href":"https:\/\/www.locoxelrojo.com\/independiente\/wp-json\/wp\/v2\/tags?post=19330"}],"curies":[{"name":"wp","href":"https:\/\/api.w.org\/{rel}","templated":true}]}}