{"id":19340,"date":"2012-07-16T18:48:25","date_gmt":"2012-07-16T21:48:25","guid":{"rendered":"http:\/\/www.locoxelrojo.com.ar\/independiente\/?p=19340"},"modified":"2015-09-25T18:26:40","modified_gmt":"2015-09-25T21:26:40","slug":"entrenamiento-de-la-tarde-en-el-estadio-muncipal","status":"publish","type":"post","link":"https:\/\/www.locoxelrojo.com\/independiente\/2012\/07\/16\/entrenamiento-de-la-tarde-en-el-estadio-muncipal\/","title":{"rendered":"Entrenamiento de la tarde en el Estadio Municipal"},"content":{"rendered":"<p><a href=\"http:\/\/www.locoxelrojo.com.ar\/independiente\/wp-content\/uploads\/2012\/07\/tandil-independiente.jpg\"><img loading=\"lazy\" class=\"alignnone size-full wp-image-19341\" title=\"tandil-independiente\" src=\"http:\/\/www.locoxelrojo.com.ar\/independiente\/wp-content\/uploads\/2012\/07\/tandil-independiente.jpg\" alt=\"\" width=\"590\" height=\"315\" srcset=\"https:\/\/locoxelrojo.com\/independiente\/wp-content\/uploads\/2012\/07\/tandil-independiente.jpg 590w, https:\/\/locoxelrojo.com\/independiente\/wp-content\/uploads\/2012\/07\/tandil-independiente-300x160.jpg 300w\" sizes=\"(max-width: 590px) 100vw, 590px\" \/><\/a><\/p>\n<p>Independiente sigue con los trabajos de pretemporada en la fr\u00eda Tandil. Esta tarde tuvo una nueva pr\u00e1ctica vespertina en el Estadio Municipal de la ciudad, todav\u00eda sin caras nuevas en la segunda semana y a la espera de la resoluci\u00f3n de Diego Villar, Jonath\u00e1n Santana y Fabi\u00e1n Vargas.<\/p>\n<p><strong>El plantel en esta oportunidad estuvo bastante repartido. Hilario Navarro, Diego Rodr\u00edguez y Facundo Daffonchio estuvieron bajo las \u00f3rdenes de Miguel \u00c1ngel Santoro. Por un lado, un grupo realiz\u00f3 ejercicios de ataque y defensa y por el otro, el cl\u00e1sico f\u00fatbol en espacios reducidos.<br \/>\n<\/strong><br \/>\nTodav\u00eda no se sabe cuando Cristian D\u00edaz podr\u00e1 tener un nuevo refuerzo. <strong>El futuro de Diego Villar est\u00e1 en Avellaneda, pero resta definir si en Independiente o Racing. Para ma\u00f1ana, se espera una respuesta de Fabi\u00e1n Vargas sobre el d\u00eda en que viaje a Argentina para estampar su firma y que Jonathan Santana pase por la Sede Social, cierre su contrato a pr\u00e9stamo por un a\u00f1o y viaje a Tandil. <\/strong><\/p>\n","protected":false},"excerpt":{"rendered":"<p>Independiente sigue con los trabajos de pretemporada en la fr\u00eda Tandil. Esta tarde tuvo una nueva pr\u00e1ctica vespertina en el Estadio Municipal de la ciudad, todav\u00eda sin caras nuevas en la segunda semana y a la espera de la resoluci\u00f3n de Diego Villar, Jonath\u00e1n Santana y Fabi\u00e1n Vargas. El plantel en esta oportunidad estuvo bastante [&hellip;]<\/p>\n","protected":false},"author":1,"featured_media":0,"comment_status":"open","ping_status":"open","sticky":false,"template":"","format":"standard","meta":{"_links_to":"","_links_to_target":""},"categories":[3,1],"tags":[153,188,181,1613,1560,843,76,1568,749,1595],"_links":{"self":[{"href":"https:\/\/www.locoxelrojo.com\/independiente\/wp-json\/wp\/v2\/posts\/19340"}],"collection":[{"href":"https:\/\/www.locoxelrojo.com\/independiente\/wp-json\/wp\/v2\/posts"}],"about":[{"href":"https:\/\/www.locoxelrojo.com\/independiente\/wp-json\/wp\/v2\/types\/post"}],"author":[{"embeddable":true,"href":"https:\/\/www.locoxelrojo.com\/independiente\/wp-json\/wp\/v2\/users\/1"}],"replies":[{"embeddable":true,"href":"https:\/\/www.locoxelrojo.com\/independiente\/wp-json\/wp\/v2\/comments?post=19340"}],"version-history":[{"count":0,"href":"https:\/\/www.locoxelrojo.com\/independiente\/wp-json\/wp\/v2\/posts\/19340\/revisions"}],"wp:attachment":[{"href":"https:\/\/www.locoxelrojo.com\/independiente\/wp-json\/wp\/v2\/media?parent=19340"}],"wp:term":[{"taxonomy":"category","embeddable":true,"href":"https:\/\/www.locoxelrojo.com\/independiente\/wp-json\/wp\/v2\/categories?post=19340"},{"taxonomy":"post_tag","embeddable":true,"href":"https:\/\/www.locoxelrojo.com\/independiente\/wp-json\/wp\/v2\/tags?post=19340"}],"curies":[{"name":"wp","href":"https:\/\/api.w.org\/{rel}","templated":true}]}}