{"id":19374,"date":"2012-07-17T21:04:30","date_gmt":"2012-07-18T00:04:30","guid":{"rendered":"http:\/\/www.locoxelrojo.com.ar\/independiente\/?p=19374"},"modified":"2012-07-17T22:35:38","modified_gmt":"2012-07-18T01:35:38","slug":"cristian-diaz-roberto-russo-no-era-la-primera-alternativa","status":"publish","type":"post","link":"https:\/\/www.locoxelrojo.com\/independiente\/2012\/07\/17\/cristian-diaz-roberto-russo-no-era-la-primera-alternativa\/","title":{"rendered":"Cristian D\u00edaz: &#8220;Roberto Russo no era la primera alternativa&#8221;"},"content":{"rendered":"<p><a href=\"http:\/\/www.locoxelrojo.com.ar\/independiente\/wp-content\/uploads\/2012\/07\/diaz.jpg\"><img loading=\"lazy\" class=\"alignnone size-full wp-image-19375\" title=\"diaz\" src=\"http:\/\/www.locoxelrojo.com.ar\/independiente\/wp-content\/uploads\/2012\/07\/diaz.jpg\" alt=\"\" width=\"590\" height=\"315\" srcset=\"https:\/\/locoxelrojo.com\/independiente\/wp-content\/uploads\/2012\/07\/diaz.jpg 590w, https:\/\/locoxelrojo.com\/independiente\/wp-content\/uploads\/2012\/07\/diaz-300x160.jpg 300w\" sizes=\"(max-width: 590px) 100vw, 590px\" \/><\/a><\/p>\n<p>Increible, pero real. <strong>El entrenador de Independiente sali\u00f3 a decir en La Red que su prioridad no era un jugador que acababa de cerrar su contrato con Independiente. <\/strong>Para colmo, <strong>sali\u00f3 a pedir a Dar\u00edo Cvitanich, jugador que Boca no pudo retener porque su pase ascend\u00eda los \u00a1dos millones y medio de d\u00f3lares! <\/strong>&#8220;Roberto Russo no era la primera alternativa, lo traen los dirigentes&#8221;, declar\u00f3 el entrenador quien demostr\u00f3 su clara disconformidad con la incorporaci\u00f3n.<\/p>\n<p>Luego, a\u00f1adi\u00f3: <strong>&#8220;A Diego Villar lo conozco y es un gran jugador, fui compa\u00f1ero en Arsenal&#8221;<\/strong>. Sin embargo, en paralelo, el Presidente de Racing afirmaba que estaban ultimando detalles para que juegue en los vecinos, tras mejorar la oferta en dos oportunidades. De todos modos, un D\u00edaz no tan informado ampli\u00f3: <strong>&#8220;Si viene Diego Villar, Hernan Fredes va a usar la Numero 10&#8221;.<\/strong><\/p>\n<p>Por \u00falitmo pidi\u00f3 al ex delantero de Boca cuyo pase pertenece al Ajax y fue tasado en 2,5 millones de d\u00f3lares. <strong>&#8220;Me gustar\u00eda tenerlo en el equipo&#8221;<\/strong>, dese\u00f3.<\/p>\n","protected":false},"excerpt":{"rendered":"<p>Increible, pero real. El entrenador de Independiente sali\u00f3 a decir en La Red que su prioridad no era un jugador que acababa de cerrar su contrato con Independiente. Para colmo, sali\u00f3 a pedir a Dar\u00edo Cvitanich, jugador que Boca no pudo retener porque su pase ascend\u00eda los \u00a1dos millones y medio de d\u00f3lares! &#8220;Roberto Russo [&hellip;]<\/p>\n","protected":false},"author":1,"featured_media":0,"comment_status":"open","ping_status":"open","sticky":false,"template":"","format":"standard","meta":{"_links_to":"","_links_to_target":""},"categories":[3,1],"tags":[153,188,1613,71,573],"_links":{"self":[{"href":"https:\/\/www.locoxelrojo.com\/independiente\/wp-json\/wp\/v2\/posts\/19374"}],"collection":[{"href":"https:\/\/www.locoxelrojo.com\/independiente\/wp-json\/wp\/v2\/posts"}],"about":[{"href":"https:\/\/www.locoxelrojo.com\/independiente\/wp-json\/wp\/v2\/types\/post"}],"author":[{"embeddable":true,"href":"https:\/\/www.locoxelrojo.com\/independiente\/wp-json\/wp\/v2\/users\/1"}],"replies":[{"embeddable":true,"href":"https:\/\/www.locoxelrojo.com\/independiente\/wp-json\/wp\/v2\/comments?post=19374"}],"version-history":[{"count":0,"href":"https:\/\/www.locoxelrojo.com\/independiente\/wp-json\/wp\/v2\/posts\/19374\/revisions"}],"wp:attachment":[{"href":"https:\/\/www.locoxelrojo.com\/independiente\/wp-json\/wp\/v2\/media?parent=19374"}],"wp:term":[{"taxonomy":"category","embeddable":true,"href":"https:\/\/www.locoxelrojo.com\/independiente\/wp-json\/wp\/v2\/categories?post=19374"},{"taxonomy":"post_tag","embeddable":true,"href":"https:\/\/www.locoxelrojo.com\/independiente\/wp-json\/wp\/v2\/tags?post=19374"}],"curies":[{"name":"wp","href":"https:\/\/api.w.org\/{rel}","templated":true}]}}