{"id":19414,"date":"2012-07-18T18:45:20","date_gmt":"2012-07-18T21:45:20","guid":{"rendered":"http:\/\/www.locoxelrojo.com.ar\/independiente\/?p=19414"},"modified":"2012-07-18T20:11:44","modified_gmt":"2012-07-18T23:11:44","slug":"villar-no-corre-mas","status":"publish","type":"post","link":"https:\/\/www.locoxelrojo.com\/independiente\/2012\/07\/18\/villar-no-corre-mas\/","title":{"rendered":"Villar no corre m\u00e1s"},"content":{"rendered":"<p><a href=\"http:\/\/www.locoxelrojo.com.ar\/independiente\/wp-content\/uploads\/2012\/07\/villar-diego.jpg\"><img loading=\"lazy\" class=\"alignnone size-full wp-image-19415\" title=\"villar-diego\" src=\"http:\/\/www.locoxelrojo.com.ar\/independiente\/wp-content\/uploads\/2012\/07\/villar-diego.jpg\" alt=\"\" width=\"590\" height=\"315\" srcset=\"https:\/\/locoxelrojo.com\/independiente\/wp-content\/uploads\/2012\/07\/villar-diego.jpg 590w, https:\/\/locoxelrojo.com\/independiente\/wp-content\/uploads\/2012\/07\/villar-diego-300x160.jpg 300w\" sizes=\"(max-width: 590px) 100vw, 590px\" \/><\/a><\/p>\n<p>El jugador de Godoy Cruz Diego Villar rechaz\u00f3 la oferta de Independiente, as\u00ed lo reconoci\u00f3 en su cuenta de <a href=\"https:\/\/twitter.com\/plarralde\">Twitter Pedro Larralde<\/a>, Secretario General del club. <strong>&#8220;Oficialmente anunciamos que ha sido rechazada nuestra propuesta por Diego Villar, aun siendo superior a las dem\u00e1s existentes&#8221;<\/strong>, afirm\u00f3 el dirigente.<\/p>\n<p>La noticia entre los dirigentes cay\u00f3 muy mal, ya que durante la semana se mostraban esperanzados por cerrar el pase del volante, que finalmente seguir\u00e1 su carrera en Racing Club.<\/p>\n<p><strong>&#8220;Hace mas de dos meses que estamos negociando por Villar. Si despu\u00e9s \u00e9l se va a otro club, yo tengo la conciencia tranquila de que hicimos lo que pudimos. Lo de Villar est\u00e1 cerrado pero hasta que no firme no podemos decir nada&#8221;<\/strong>, manifest\u00f3 este mediod\u00eda Gast\u00f3n Cogorno, Presidente de la Academia que termin\u00f3 ganando la pulseada por el marplatense.<\/p>\n<p>Con Villar, ya son tres los posibles refuerzos que eligen pasar a Racing en lugar de venir a Independiente. Los otros dos son Jos\u00e9 Sand y Fernando Ortiz. <strong>Para las pr\u00f3ximas horas se espera la firma de Jonathan Santana y en la tarde de hoy hubo una reuni\u00f3n por Juan Mercier, en donde la Comisi\u00f3n Directiva analizar\u00e1 si se avanza o no en la negociaci\u00f3n por el ex Argentinos.<\/strong><\/p>\n","protected":false},"excerpt":{"rendered":"<p>El jugador de Godoy Cruz Diego Villar rechaz\u00f3 la oferta de Independiente, as\u00ed lo reconoci\u00f3 en su cuenta de Twitter Pedro Larralde, Secretario General del club. &#8220;Oficialmente anunciamos que ha sido rechazada nuestra propuesta por Diego Villar, aun siendo superior a las dem\u00e1s existentes&#8221;, afirm\u00f3 el dirigente. La noticia entre los dirigentes cay\u00f3 muy mal, [&hellip;]<\/p>\n","protected":false},"author":1,"featured_media":0,"comment_status":"open","ping_status":"open","sticky":false,"template":"","format":"standard","meta":{"_links_to":"","_links_to_target":""},"categories":[3,1],"tags":[153,1613,1584,571,1568,1498,1619,1177],"_links":{"self":[{"href":"https:\/\/www.locoxelrojo.com\/independiente\/wp-json\/wp\/v2\/posts\/19414"}],"collection":[{"href":"https:\/\/www.locoxelrojo.com\/independiente\/wp-json\/wp\/v2\/posts"}],"about":[{"href":"https:\/\/www.locoxelrojo.com\/independiente\/wp-json\/wp\/v2\/types\/post"}],"author":[{"embeddable":true,"href":"https:\/\/www.locoxelrojo.com\/independiente\/wp-json\/wp\/v2\/users\/1"}],"replies":[{"embeddable":true,"href":"https:\/\/www.locoxelrojo.com\/independiente\/wp-json\/wp\/v2\/comments?post=19414"}],"version-history":[{"count":0,"href":"https:\/\/www.locoxelrojo.com\/independiente\/wp-json\/wp\/v2\/posts\/19414\/revisions"}],"wp:attachment":[{"href":"https:\/\/www.locoxelrojo.com\/independiente\/wp-json\/wp\/v2\/media?parent=19414"}],"wp:term":[{"taxonomy":"category","embeddable":true,"href":"https:\/\/www.locoxelrojo.com\/independiente\/wp-json\/wp\/v2\/categories?post=19414"},{"taxonomy":"post_tag","embeddable":true,"href":"https:\/\/www.locoxelrojo.com\/independiente\/wp-json\/wp\/v2\/tags?post=19414"}],"curies":[{"name":"wp","href":"https:\/\/api.w.org\/{rel}","templated":true}]}}