{"id":19418,"date":"2012-07-18T21:31:01","date_gmt":"2012-07-19T00:31:01","guid":{"rendered":"http:\/\/www.locoxelrojo.com.ar\/independiente\/?p=19418"},"modified":"2012-07-18T21:33:04","modified_gmt":"2012-07-19T00:33:04","slug":"cantero-manana-firman-morel-rodriguez-y-jonathan-santana","status":"publish","type":"post","link":"https:\/\/www.locoxelrojo.com\/independiente\/2012\/07\/18\/cantero-manana-firman-morel-rodriguez-y-jonathan-santana\/","title":{"rendered":"Cantero: &#8220;Ma\u00f1ana firman Morel Rodr\u00edguez y Jonathan Santana&#8221;"},"content":{"rendered":"<p><a href=\"http:\/\/www.locoxelrojo.com.ar\/independiente\/wp-content\/uploads\/2012\/07\/santana-morel.jpg\"><img loading=\"lazy\" class=\"alignnone size-full wp-image-19420\" title=\"santana-morel\" src=\"http:\/\/www.locoxelrojo.com.ar\/independiente\/wp-content\/uploads\/2012\/07\/santana-morel.jpg\" alt=\"\" width=\"590\" height=\"315\" srcset=\"https:\/\/locoxelrojo.com\/independiente\/wp-content\/uploads\/2012\/07\/santana-morel.jpg 590w, https:\/\/locoxelrojo.com\/independiente\/wp-content\/uploads\/2012\/07\/santana-morel-300x160.jpg 300w\" sizes=\"(max-width: 590px) 100vw, 590px\" \/><\/a><\/p>\n<p><strong>Javier Cantero habl\u00f3 con ESPN Radio Rivadavia y confirm\u00f3 los acuerdos de palabra con Claudio Morel Rodr\u00edguez y Jonathan Santada. Los jugadores firman ma\u00f1ana y parten rumbo a Tandil donde el Rojo est\u00e1 haciendo la Pretemporada.<\/strong><\/p>\n<p><strong>&#8220;Est\u00e1 todo acordado de palabra con Morel Rodr\u00edguez y Jonathan Santana, solo resta firmar y viajan ma\u00f1ana mismo a Tandil. Nuestra idea es que los jugadores est\u00e9n cuanto antes con el grupo&#8221;<\/strong> dijo el Presidente.<\/p>\n<p>Claudio Morel Rodr\u00edguez viene de ascender con Deportivo La Coru\u00f1a, pero el defensor de 34 a\u00f1os qued\u00f3 libre. La negociaci\u00f3n tard\u00f3 en confirmarse porque las pretenciones eran muy altas, pero en el d\u00eda de hoy hubo arreglo y en las pr\u00f3ximas horas estampa su firma por 2 a\u00f1os.<\/p>\n<p>El caso de Jonathan Santana ya es m\u00e1s conocido. Por un tema de papeles, que ya est\u00e1 resuelto, la firma se viene dilatando. El volante rechaz\u00f3 ofertas m\u00e1s importantes para venir a Independiente por un a\u00f1o a pr\u00e9stamo. Llega tambi\u00e9n como jugador libre.<\/p>\n","protected":false},"excerpt":{"rendered":"<p>Javier Cantero habl\u00f3 con ESPN Radio Rivadavia y confirm\u00f3 los acuerdos de palabra con Claudio Morel Rodr\u00edguez y Jonathan Santada. Los jugadores firman ma\u00f1ana y parten rumbo a Tandil donde el Rojo est\u00e1 haciendo la Pretemporada. &#8220;Est\u00e1 todo acordado de palabra con Morel Rodr\u00edguez y Jonathan Santana, solo resta firmar y viajan ma\u00f1ana mismo a [&hellip;]<\/p>\n","protected":false},"author":1,"featured_media":0,"comment_status":"open","ping_status":"open","sticky":false,"template":"","format":"standard","meta":{"_links_to":"","_links_to_target":""},"categories":[3,1],"tags":[1620,153,723,1568],"_links":{"self":[{"href":"https:\/\/www.locoxelrojo.com\/independiente\/wp-json\/wp\/v2\/posts\/19418"}],"collection":[{"href":"https:\/\/www.locoxelrojo.com\/independiente\/wp-json\/wp\/v2\/posts"}],"about":[{"href":"https:\/\/www.locoxelrojo.com\/independiente\/wp-json\/wp\/v2\/types\/post"}],"author":[{"embeddable":true,"href":"https:\/\/www.locoxelrojo.com\/independiente\/wp-json\/wp\/v2\/users\/1"}],"replies":[{"embeddable":true,"href":"https:\/\/www.locoxelrojo.com\/independiente\/wp-json\/wp\/v2\/comments?post=19418"}],"version-history":[{"count":0,"href":"https:\/\/www.locoxelrojo.com\/independiente\/wp-json\/wp\/v2\/posts\/19418\/revisions"}],"wp:attachment":[{"href":"https:\/\/www.locoxelrojo.com\/independiente\/wp-json\/wp\/v2\/media?parent=19418"}],"wp:term":[{"taxonomy":"category","embeddable":true,"href":"https:\/\/www.locoxelrojo.com\/independiente\/wp-json\/wp\/v2\/categories?post=19418"},{"taxonomy":"post_tag","embeddable":true,"href":"https:\/\/www.locoxelrojo.com\/independiente\/wp-json\/wp\/v2\/tags?post=19418"}],"curies":[{"name":"wp","href":"https:\/\/api.w.org\/{rel}","templated":true}]}}