{"id":19428,"date":"2012-07-19T16:05:42","date_gmt":"2012-07-19T19:05:42","guid":{"rendered":"http:\/\/www.locoxelrojo.com.ar\/independiente\/?p=19428"},"modified":"2012-07-19T16:05:42","modified_gmt":"2012-07-19T19:05:42","slug":"parra-y-matheu-juntos-en-el-atalanta","status":"publish","type":"post","link":"https:\/\/www.locoxelrojo.com\/independiente\/2012\/07\/19\/parra-y-matheu-juntos-en-el-atalanta\/","title":{"rendered":"Parra y Matheu juntos en el Atalanta"},"content":{"rendered":"<p><a href=\"http:\/\/www.locoxelrojo.com.ar\/independiente\/wp-content\/uploads\/2012\/07\/parra-matheu.jpg\"><img loading=\"lazy\" class=\"alignnone size-full wp-image-19429\" title=\"parra-matheu\" src=\"http:\/\/www.locoxelrojo.com.ar\/independiente\/wp-content\/uploads\/2012\/07\/parra-matheu.jpg\" alt=\"\" width=\"590\" height=\"315\" srcset=\"https:\/\/locoxelrojo.com\/independiente\/wp-content\/uploads\/2012\/07\/parra-matheu.jpg 590w, https:\/\/locoxelrojo.com\/independiente\/wp-content\/uploads\/2012\/07\/parra-matheu-300x160.jpg 300w\" sizes=\"(max-width: 590px) 100vw, 590px\" \/><\/a><\/p>\n<p><strong>Facundo Parra y Carlos Matheu dejaron el Club Atl\u00e9tico Independiente y seguir\u00e1n su carrera en el Atalanta de Italia. All\u00ed tendr\u00e1n como compa\u00f1ero a otro ex Rojo, Germ\u00e1n Denis y compartir\u00e1n plantel con dos argentinos m\u00e1s: Maximiliano Moralez y Ezequiel Schelotto (nacionalizado italiano).<\/strong><\/p>\n<p><strong>Sus salidas fueron diferentes<\/strong>. Primero se fue Carlos Matheu, quien qued\u00f3 libre y dispar\u00f3 bombas contra la actual Comisi\u00f3n Directiva. <strong>\u201cViv\u00ed cosas lindas en Independiente, pero me voy con bronca y mucha tristeza por c\u00f3mo me trataron \u00faltimamente\u201d<\/strong>, tir\u00f3 en radio <strong>La Red<\/strong> el d\u00eda que finaliz\u00f3 su contrato.<strong> &#8220;Los dirigentes me trataron muy mal sin raz\u00f3n. Hay muchas cosas que seguramente me jugaron en contra. Me tuve que ir por ser el capit\u00e1n del ciclo Comparada&#8221;<\/strong>, ampli\u00f3. <strong>Lo cierto es que en el \u00faltimo tiempo, Matheu jug\u00f3 muy poco y cuando lo hizo su rendimiento no el mejor. El buen feeling con los hinchas con el correr del tiempo se cort\u00f3 y dentro del plantel muchas de sus actitudes le molestaban al resto de sus compa\u00f1eros.<\/strong><\/p>\n<p>En cuanto a Facundo Parra fue otro el tema. <strong>Al ex Chacarita se le venci\u00f3 su segundo pr\u00e9stamos con el club y su cl\u00e1usula de compra era muy elevada para el presupuesto del Rojo.<\/strong> En su momento, Javier Cantero habl\u00f3 de la posibilidad de comprar un porcentaje de su pase para retener al delantero. <strong>Los deseos del jugador eran poder continuar en el club, ya que se hab\u00eda encari\u00f1ado mucho con la instituci\u00f3n y la gente, salvo que aparezca una oferta tentadora del exterior.<\/strong> Los d\u00edas pasaron y el tema se fue dilatando. Las urgencias de Independiente en el mercado de pases eran otras y apareci\u00f3 el Atalanta con ganas de contratar a Parra. La negociaci\u00f3n avanz\u00f3 y se habl\u00f3 de un posible nuevo pr\u00e9stamo por el atacante, esta vez entre el club italiano e Independiente, pero finalmente el jugar\u00e1 en el Calcio.<\/p>\n<p>Leonardo Rodr\u00edguez, representante de ambos, viaj\u00f3 a Italia para estar presente en las revisaciones m\u00e9dicas y presentaci\u00f3n de los jugadores. Los mismos, ya tuvieron sus primeros entrenamientos con el resto del plantel y fueron bien recibidos por los Tifosis del Atalanta.<\/p>\n","protected":false},"excerpt":{"rendered":"<p>Facundo Parra y Carlos Matheu dejaron el Club Atl\u00e9tico Independiente y seguir\u00e1n su carrera en el Atalanta de Italia. All\u00ed tendr\u00e1n como compa\u00f1ero a otro ex Rojo, Germ\u00e1n Denis y compartir\u00e1n plantel con dos argentinos m\u00e1s: Maximiliano Moralez y Ezequiel Schelotto (nacionalizado italiano). Sus salidas fueron diferentes. Primero se fue Carlos Matheu, quien qued\u00f3 libre [&hellip;]<\/p>\n","protected":false},"author":1,"featured_media":0,"comment_status":"open","ping_status":"open","sticky":false,"template":"","format":"standard","meta":{"_links_to":"","_links_to_target":""},"categories":[3,1],"tags":[446,27,153,36,397,723,879],"_links":{"self":[{"href":"https:\/\/www.locoxelrojo.com\/independiente\/wp-json\/wp\/v2\/posts\/19428"}],"collection":[{"href":"https:\/\/www.locoxelrojo.com\/independiente\/wp-json\/wp\/v2\/posts"}],"about":[{"href":"https:\/\/www.locoxelrojo.com\/independiente\/wp-json\/wp\/v2\/types\/post"}],"author":[{"embeddable":true,"href":"https:\/\/www.locoxelrojo.com\/independiente\/wp-json\/wp\/v2\/users\/1"}],"replies":[{"embeddable":true,"href":"https:\/\/www.locoxelrojo.com\/independiente\/wp-json\/wp\/v2\/comments?post=19428"}],"version-history":[{"count":0,"href":"https:\/\/www.locoxelrojo.com\/independiente\/wp-json\/wp\/v2\/posts\/19428\/revisions"}],"wp:attachment":[{"href":"https:\/\/www.locoxelrojo.com\/independiente\/wp-json\/wp\/v2\/media?parent=19428"}],"wp:term":[{"taxonomy":"category","embeddable":true,"href":"https:\/\/www.locoxelrojo.com\/independiente\/wp-json\/wp\/v2\/categories?post=19428"},{"taxonomy":"post_tag","embeddable":true,"href":"https:\/\/www.locoxelrojo.com\/independiente\/wp-json\/wp\/v2\/tags?post=19428"}],"curies":[{"name":"wp","href":"https:\/\/api.w.org\/{rel}","templated":true}]}}