{"id":19503,"date":"2012-07-21T20:44:57","date_gmt":"2012-07-21T23:44:57","guid":{"rendered":"http:\/\/www.locoxelrojo.com.ar\/independiente\/?p=19503"},"modified":"2012-07-21T20:44:57","modified_gmt":"2012-07-21T23:44:57","slug":"defederico-llego-a-un-acuerdo-con-huracan","status":"publish","type":"post","link":"https:\/\/www.locoxelrojo.com\/independiente\/2012\/07\/21\/defederico-llego-a-un-acuerdo-con-huracan\/","title":{"rendered":"Defederico lleg\u00f3 a un acuerdo con Hurac\u00e1n"},"content":{"rendered":"<p><a href=\"http:\/\/www.locoxelrojo.com.ar\/independiente\/wp-content\/uploads\/2012\/07\/Mat\u00edas_Defederico.jpg\"><img loading=\"lazy\" class=\"alignnone size-full wp-image-19504\" title=\"Mat\u00edas_Defederico\" src=\"http:\/\/www.locoxelrojo.com.ar\/independiente\/wp-content\/uploads\/2012\/07\/Mat\u00edas_Defederico.jpg\" alt=\"\" width=\"590\" height=\"315\" srcset=\"https:\/\/locoxelrojo.com\/independiente\/wp-content\/uploads\/2012\/07\/Mat\u00edas_Defederico.jpg 590w, https:\/\/locoxelrojo.com\/independiente\/wp-content\/uploads\/2012\/07\/Mat\u00edas_Defederico-300x160.jpg 300w\" sizes=\"(max-width: 590px) 100vw, 590px\" \/><\/a><\/p>\n<p><strong>A Mat\u00edas Defederico se le venc\u00eda el pr\u00e9stamo en diciembre, pero una lesi\u00f3n oblig\u00f3 el club a pagarle el tratamiento y, autom\u00e1ticamente, renovarle el v\u00ednculo<\/strong>. El jugador estar\u00e1 afuera de las canchas hasta octubre. Sin embargo, e<strong>l Presidente de Hurac\u00e1n, Alejandro Nadur afirm\u00f3 que lleg\u00f3 a un acuerdo para reforzar su plantel en el Nacional B.<\/strong><\/p>\n<p>As\u00ed, restar\u00eda acordar los n\u00fameros para que el jugador se desvincule de Independiente y firme para el equipo que actualmente dirige H\u00e9ctor Rivoira. &#8220;<strong>Defederico va a ser refuerzo&#8221;, declar\u00f3 el Presidente Globo a Mundo Ascenso en la tarde noche del s\u00e1bado.<\/strong><\/p>\n<p><strong>&#8220;Esperamos contar con \u00e9l. A partir de octubre seguro va a ser refuerzo de Hurac\u00e1n&#8221;<\/strong>, agreg\u00f3 producto de su lesi\u00f3n. Lo cierto es que a partir del lunes, el ex Corinthians intentar\u00e1 desvincularse del club quien deber\u00eda hacerse cargo de su tratamiento post operaci\u00f3n. Luego de esto, firmar\u00eda en Hurac\u00e1n con quien ya negoci\u00f3 un contrato.<\/p>\n","protected":false},"excerpt":{"rendered":"<p>A Mat\u00edas Defederico se le venc\u00eda el pr\u00e9stamo en diciembre, pero una lesi\u00f3n oblig\u00f3 el club a pagarle el tratamiento y, autom\u00e1ticamente, renovarle el v\u00ednculo. El jugador estar\u00e1 afuera de las canchas hasta octubre. Sin embargo, el Presidente de Hurac\u00e1n, Alejandro Nadur afirm\u00f3 que lleg\u00f3 a un acuerdo para reforzar su plantel en el Nacional [&hellip;]<\/p>\n","protected":false},"author":1,"featured_media":0,"comment_status":"open","ping_status":"open","sticky":false,"template":"","format":"standard","meta":{"_links_to":"","_links_to_target":""},"categories":[3,1],"tags":[1201,153,1636,310,379],"_links":{"self":[{"href":"https:\/\/www.locoxelrojo.com\/independiente\/wp-json\/wp\/v2\/posts\/19503"}],"collection":[{"href":"https:\/\/www.locoxelrojo.com\/independiente\/wp-json\/wp\/v2\/posts"}],"about":[{"href":"https:\/\/www.locoxelrojo.com\/independiente\/wp-json\/wp\/v2\/types\/post"}],"author":[{"embeddable":true,"href":"https:\/\/www.locoxelrojo.com\/independiente\/wp-json\/wp\/v2\/users\/1"}],"replies":[{"embeddable":true,"href":"https:\/\/www.locoxelrojo.com\/independiente\/wp-json\/wp\/v2\/comments?post=19503"}],"version-history":[{"count":0,"href":"https:\/\/www.locoxelrojo.com\/independiente\/wp-json\/wp\/v2\/posts\/19503\/revisions"}],"wp:attachment":[{"href":"https:\/\/www.locoxelrojo.com\/independiente\/wp-json\/wp\/v2\/media?parent=19503"}],"wp:term":[{"taxonomy":"category","embeddable":true,"href":"https:\/\/www.locoxelrojo.com\/independiente\/wp-json\/wp\/v2\/categories?post=19503"},{"taxonomy":"post_tag","embeddable":true,"href":"https:\/\/www.locoxelrojo.com\/independiente\/wp-json\/wp\/v2\/tags?post=19503"}],"curies":[{"name":"wp","href":"https:\/\/api.w.org\/{rel}","templated":true}]}}