{"id":19534,"date":"2012-07-22T18:22:18","date_gmt":"2012-07-22T21:22:18","guid":{"rendered":"http:\/\/www.locoxelrojo.com.ar\/independiente\/?p=19534"},"modified":"2012-07-22T19:02:42","modified_gmt":"2012-07-22T22:02:42","slug":"debut-de-parra-y-matheu-con-el-atalanta","status":"publish","type":"post","link":"https:\/\/www.locoxelrojo.com\/independiente\/2012\/07\/22\/debut-de-parra-y-matheu-con-el-atalanta\/","title":{"rendered":"Debut de Parra y Matheu con el Atalanta"},"content":{"rendered":"<p><a href=\"http:\/\/www.locoxelrojo.com.ar\/independiente\/wp-content\/uploads\/2012\/07\/Facundo_Parra.jpg\"><img loading=\"lazy\" class=\"alignnone size-full wp-image-19535\" title=\"Facundo_Parra\" src=\"http:\/\/www.locoxelrojo.com.ar\/independiente\/wp-content\/uploads\/2012\/07\/Facundo_Parra.jpg\" alt=\"\" width=\"590\" height=\"315\" srcset=\"https:\/\/locoxelrojo.com\/independiente\/wp-content\/uploads\/2012\/07\/Facundo_Parra.jpg 590w, https:\/\/locoxelrojo.com\/independiente\/wp-content\/uploads\/2012\/07\/Facundo_Parra-300x160.jpg 300w\" sizes=\"(max-width: 590px) 100vw, 590px\" \/><\/a><\/p>\n<p>Facundo Parra tuvo el debut esperado en el Atalanta de Italia. En su presentaci\u00f3n en el viejo continente, el ex delantero de Independiente marc\u00f3 2 goles en la goleada 7-0 de su equipo sobre un representativo del Alta Val Seriana, del norte de Italia. El ex delantero de Rojo jug\u00f3 s\u00f3lo el segundo tiempo y marc\u00f3 a los 24 y a los 41 minutos el 5 y 6 a 0, respectivamente.<\/p>\n<p>Adem\u00e1s, otro ex Independiente, Germ\u00e1n Denis fue el que abri\u00f3 el marcador del encuentro al convertir desde los 12 pasos. La prensa de Italia y de Espa\u00f1a hablaban de su posible incorporaci\u00f3n al Atl\u00e9tico Madrid que dirige Diego &#8220;Cholo&#8221; Simeone.\u00a0En el Atalanta fueron titulares tambi\u00e9n Carlos Matheu y Maximiliano Moralez.<\/p>\n<p><a href=\"http:\/\/www.locoxelrojo.com.ar\/independiente\/wp-content\/uploads\/2012\/07\/atalanta_carlos_matheu1.jpg\"><img loading=\"lazy\" class=\"alignnone size-full wp-image-19540\" title=\"atalanta_carlos_matheu\" src=\"http:\/\/www.locoxelrojo.com.ar\/independiente\/wp-content\/uploads\/2012\/07\/atalanta_carlos_matheu1.jpg\" alt=\"\" width=\"590\" height=\"315\" srcset=\"https:\/\/locoxelrojo.com\/independiente\/wp-content\/uploads\/2012\/07\/atalanta_carlos_matheu1.jpg 590w, https:\/\/locoxelrojo.com\/independiente\/wp-content\/uploads\/2012\/07\/atalanta_carlos_matheu1-300x160.jpg 300w\" sizes=\"(max-width: 590px) 100vw, 590px\" \/><\/a><\/p>\n<p>En el 1er tiempo Atalanta form\u00f3 con Consigli; Matheu, Ferri, Manfredini, Bellini; Ferreira Pinto, Kone, Carmona, Mognoli; Moralez; Denis (4-4-1-1). En el 2do, en tanto, hizo lo propio con Frezzolini; Raimondi, Lucchini, Peluso, Brivio; Nava, Minotti, Cazzola, Bonaventura; Parra, Tiribocchi (4-4-2).<\/p>\n<p><em><span style=\"color: #888888;\">Fotos: sitio oficial Atalanta.<\/span><\/em><\/p>\n<p><em><span style=\"color: #888888;\"><br \/>\n<\/span><\/em><\/p>\n<p><object width=\"590\" height=\"332\"><param name=\"movie\" value=\"http:\/\/www.youtube.com\/v\/oT05TItfcRY?version=3&amp;hl=es_ES\"><\/param><param name=\"allowFullScreen\" value=\"true\"><\/param><param name=\"allowscriptaccess\" value=\"always\"><\/param><embed src=\"http:\/\/www.youtube.com\/v\/oT05TItfcRY?version=3&amp;hl=es_ES\" type=\"application\/x-shockwave-flash\" width=\"590\" height=\"332\" allowscriptaccess=\"always\" allowfullscreen=\"true\"><\/embed><\/object><\/p>\n","protected":false},"excerpt":{"rendered":"<p>Facundo Parra tuvo el debut esperado en el Atalanta de Italia. En su presentaci\u00f3n en el viejo continente, el ex delantero de Independiente marc\u00f3 2 goles en la goleada 7-0 de su equipo sobre un representativo del Alta Val Seriana, del norte de Italia. El ex delantero de Rojo jug\u00f3 s\u00f3lo el segundo tiempo y [&hellip;]<\/p>\n","protected":false},"author":1,"featured_media":0,"comment_status":"open","ping_status":"open","sticky":false,"template":"","format":"standard","meta":{"_links_to":"","_links_to_target":""},"categories":[1],"tags":[446,27,153,36,397],"_links":{"self":[{"href":"https:\/\/www.locoxelrojo.com\/independiente\/wp-json\/wp\/v2\/posts\/19534"}],"collection":[{"href":"https:\/\/www.locoxelrojo.com\/independiente\/wp-json\/wp\/v2\/posts"}],"about":[{"href":"https:\/\/www.locoxelrojo.com\/independiente\/wp-json\/wp\/v2\/types\/post"}],"author":[{"embeddable":true,"href":"https:\/\/www.locoxelrojo.com\/independiente\/wp-json\/wp\/v2\/users\/1"}],"replies":[{"embeddable":true,"href":"https:\/\/www.locoxelrojo.com\/independiente\/wp-json\/wp\/v2\/comments?post=19534"}],"version-history":[{"count":0,"href":"https:\/\/www.locoxelrojo.com\/independiente\/wp-json\/wp\/v2\/posts\/19534\/revisions"}],"wp:attachment":[{"href":"https:\/\/www.locoxelrojo.com\/independiente\/wp-json\/wp\/v2\/media?parent=19534"}],"wp:term":[{"taxonomy":"category","embeddable":true,"href":"https:\/\/www.locoxelrojo.com\/independiente\/wp-json\/wp\/v2\/categories?post=19534"},{"taxonomy":"post_tag","embeddable":true,"href":"https:\/\/www.locoxelrojo.com\/independiente\/wp-json\/wp\/v2\/tags?post=19534"}],"curies":[{"name":"wp","href":"https:\/\/api.w.org\/{rel}","templated":true}]}}