{"id":19610,"date":"2012-07-24T16:05:22","date_gmt":"2012-07-24T19:05:22","guid":{"rendered":"http:\/\/www.locoxelrojo.com.ar\/independiente\/?p=19610"},"modified":"2012-07-24T16:09:04","modified_gmt":"2012-07-24T19:09:04","slug":"entrenamiento-en-dominico-con-una-cara-nueva","status":"publish","type":"post","link":"https:\/\/www.locoxelrojo.com\/independiente\/2012\/07\/24\/entrenamiento-en-dominico-con-una-cara-nueva\/","title":{"rendered":"Entrenamiento en Dom\u00ednico con una cara nueva"},"content":{"rendered":"<p><a href=\"http:\/\/www.locoxelrojo.com.ar\/independiente\/wp-content\/uploads\/2012\/07\/dominico2012.jpg\"><img loading=\"lazy\" class=\"alignnone size-full wp-image-19611\" title=\"dominico2012\" src=\"http:\/\/www.locoxelrojo.com.ar\/independiente\/wp-content\/uploads\/2012\/07\/dominico2012.jpg\" alt=\"\" width=\"590\" height=\"315\" srcset=\"https:\/\/locoxelrojo.com\/independiente\/wp-content\/uploads\/2012\/07\/dominico2012.jpg 590w, https:\/\/locoxelrojo.com\/independiente\/wp-content\/uploads\/2012\/07\/dominico2012-300x160.jpg 300w\" sizes=\"(max-width: 590px) 100vw, 590px\" \/><\/a><\/p>\n<p>Independiente realiz\u00f3 un nuevo entrenamiento en el predio de Villa Dom\u00ednico y<strong> la novedad del d\u00eda pas\u00f3 por la presencia de Cristian Tula. El defensor fue presentado al plantel, que le dio la bienvenida y se puso a las \u00f3rdenes de uno de los profes.<\/strong><\/p>\n<p><strong>El resto de los jugadores, luego de una entrada en calor, realiz\u00f3 algunos ejercicios con pelota. M\u00e1s tarde, se dividieron en dos grupos para finalizar la pr\u00e1ctica con un f\u00fatbol en espacios reducidos.<\/strong><\/p>\n<p>Cristian Tula, de 34 a\u00f1os,\u00a0 <strong>en horas de la tarde se someter\u00e1 a la revisaci\u00f3n m\u00e9dica y de no haber incovenientes pasar\u00e1 por la Sede Social a firmar su contrato por 2 a\u00f1os con el club. <\/strong><\/p>\n","protected":false},"excerpt":{"rendered":"<p>Independiente realiz\u00f3 un nuevo entrenamiento en el predio de Villa Dom\u00ednico y la novedad del d\u00eda pas\u00f3 por la presencia de Cristian Tula. El defensor fue presentado al plantel, que le dio la bienvenida y se puso a las \u00f3rdenes de uno de los profes. El resto de los jugadores, luego de una entrada en [&hellip;]<\/p>\n","protected":false},"author":11,"featured_media":0,"comment_status":"open","ping_status":"open","sticky":false,"template":"","format":"standard","meta":{"_links_to":"","_links_to_target":""},"categories":[3,1],"tags":[153,188,1615],"_links":{"self":[{"href":"https:\/\/www.locoxelrojo.com\/independiente\/wp-json\/wp\/v2\/posts\/19610"}],"collection":[{"href":"https:\/\/www.locoxelrojo.com\/independiente\/wp-json\/wp\/v2\/posts"}],"about":[{"href":"https:\/\/www.locoxelrojo.com\/independiente\/wp-json\/wp\/v2\/types\/post"}],"author":[{"embeddable":true,"href":"https:\/\/www.locoxelrojo.com\/independiente\/wp-json\/wp\/v2\/users\/11"}],"replies":[{"embeddable":true,"href":"https:\/\/www.locoxelrojo.com\/independiente\/wp-json\/wp\/v2\/comments?post=19610"}],"version-history":[{"count":0,"href":"https:\/\/www.locoxelrojo.com\/independiente\/wp-json\/wp\/v2\/posts\/19610\/revisions"}],"wp:attachment":[{"href":"https:\/\/www.locoxelrojo.com\/independiente\/wp-json\/wp\/v2\/media?parent=19610"}],"wp:term":[{"taxonomy":"category","embeddable":true,"href":"https:\/\/www.locoxelrojo.com\/independiente\/wp-json\/wp\/v2\/categories?post=19610"},{"taxonomy":"post_tag","embeddable":true,"href":"https:\/\/www.locoxelrojo.com\/independiente\/wp-json\/wp\/v2\/tags?post=19610"}],"curies":[{"name":"wp","href":"https:\/\/api.w.org\/{rel}","templated":true}]}}