{"id":19614,"date":"2012-07-24T16:49:37","date_gmt":"2012-07-24T19:49:37","guid":{"rendered":"http:\/\/www.locoxelrojo.com.ar\/independiente\/?p=19614"},"modified":"2012-07-24T16:49:45","modified_gmt":"2012-07-24T19:49:45","slug":"tula-venir-a-independiente-es-algo-muy-importante","status":"publish","type":"post","link":"https:\/\/www.locoxelrojo.com\/independiente\/2012\/07\/24\/tula-venir-a-independiente-es-algo-muy-importante\/","title":{"rendered":"Tula: &#8220;Venir a Independiente es algo muy importante&#8221;"},"content":{"rendered":"<p><a href=\"http:\/\/www.locoxelrojo.com.ar\/independiente\/wp-content\/uploads\/2012\/07\/Tula-Independiente.jpg\"><img loading=\"lazy\" class=\"alignnone size-full wp-image-19615\" title=\"Tula-Independiente\" src=\"http:\/\/www.locoxelrojo.com.ar\/independiente\/wp-content\/uploads\/2012\/07\/Tula-Independiente.jpg\" alt=\"\" width=\"590\" height=\"315\" srcset=\"https:\/\/locoxelrojo.com\/independiente\/wp-content\/uploads\/2012\/07\/Tula-Independiente.jpg 590w, https:\/\/locoxelrojo.com\/independiente\/wp-content\/uploads\/2012\/07\/Tula-Independiente-300x160.jpg 300w\" sizes=\"(max-width: 590px) 100vw, 590px\" \/><\/a><\/p>\n<p>Cristian Tula en las pr\u00f3ximas horas se har\u00e1 la revisaci\u00f3n m\u00e9dica y de no mediar ning\u00fan inconvenientes ser\u00e1 el sexto refuerzo del Rojo de cara al Torneo Inicial 2012. El defensor de 34 a\u00f1os estuvo esta ma\u00f1ana en el predio de Villa Dom\u00ednico, fue presentado ante sus nuevos compa\u00f1eros y por la tarde pasar\u00e1 por la Sede Social a firmar su contrato por 2 a\u00f1os.<\/p>\n<p><strong>&#8220;Venir a Independiente es algo muy importante que valoro mucho&#8221;<\/strong>, fueron las palabras de Tula en conferencia de prensa al t\u00e9rmino de la pr\u00e1ctica. Realiz\u00f3 los primeros movimientos con uno de los profes en forma diferenciada. <strong>&#8220;Tambi\u00e9n es importante que el T\u00e9cnico me haya llamado y eso al jugador le hace muy bien y lo hace tomar la decisi\u00f3n correcta porque cree que puede ser muy importante para el equipo&#8221;<\/strong>, expres\u00f3.<\/p>\n<p><strong>&#8220;La historia que tiene este club, las cosas importantes que hay por jugar, el plantel que est\u00e1 armando, todo moviliza a que haya tomado la decisi\u00f3n de poder estar nuevamente en un club grande&#8221;<\/strong>, cont\u00f3 el defensor ex River y San Lorenzo.<\/p>\n<p>Cristian D\u00edaz tuvo mucho que ver en la llegada de Tula a Independiente. Luego de su paso por el f\u00fatbol colombiano, y con el pase en su poder, muchos clubes importantes de Argentina se disputaban su contrataci\u00f3n, entre ellos V\u00e9lez y Racing. <strong>&#8220;La posibilidad de Racing estaba, pero para m\u00ed es mas importante que el T\u00e9cnico me llame y me cuente que es lo que quer\u00eda para el equipo&#8221;<\/strong>, explic\u00f3.<\/p>\n<p>Esta ma\u00f1ana tuvo la posibilidad de hablar\u00a0 nuevamente con el DT:<strong> &#8220;me pregunt\u00f3 si pod\u00eda adaptarme a otros puestos defensivos. Me siento mejor de marcador central, pero no tengo problema de adaptarme a otras posiciones&#8221;<\/strong>.<\/p>\n<p>Por \u00faltimo, se mostr\u00f3 ilusionado con el plantel que se esta formando, pero fue cauto sobre la chances de pelear en los puestos de arriba: <strong>&#8220;la ilusi\u00f3n siempre est\u00e1 en un equipo grande, pero con nombres no se gana. Sabemos que con competencia sana se lograr\u00e1n las cosas&#8221;<\/strong>, cerr\u00f3.<\/p>\n","protected":false},"excerpt":{"rendered":"<p>Cristian Tula en las pr\u00f3ximas horas se har\u00e1 la revisaci\u00f3n m\u00e9dica y de no mediar ning\u00fan inconvenientes ser\u00e1 el sexto refuerzo del Rojo de cara al Torneo Inicial 2012. El defensor de 34 a\u00f1os estuvo esta ma\u00f1ana en el predio de Villa Dom\u00ednico, fue presentado ante sus nuevos compa\u00f1eros y por la tarde pasar\u00e1 por [&hellip;]<\/p>\n","protected":false},"author":11,"featured_media":0,"comment_status":"open","ping_status":"open","sticky":false,"template":"","format":"standard","meta":{"_links_to":"","_links_to_target":""},"categories":[3,1],"tags":[153,188,1615],"_links":{"self":[{"href":"https:\/\/www.locoxelrojo.com\/independiente\/wp-json\/wp\/v2\/posts\/19614"}],"collection":[{"href":"https:\/\/www.locoxelrojo.com\/independiente\/wp-json\/wp\/v2\/posts"}],"about":[{"href":"https:\/\/www.locoxelrojo.com\/independiente\/wp-json\/wp\/v2\/types\/post"}],"author":[{"embeddable":true,"href":"https:\/\/www.locoxelrojo.com\/independiente\/wp-json\/wp\/v2\/users\/11"}],"replies":[{"embeddable":true,"href":"https:\/\/www.locoxelrojo.com\/independiente\/wp-json\/wp\/v2\/comments?post=19614"}],"version-history":[{"count":0,"href":"https:\/\/www.locoxelrojo.com\/independiente\/wp-json\/wp\/v2\/posts\/19614\/revisions"}],"wp:attachment":[{"href":"https:\/\/www.locoxelrojo.com\/independiente\/wp-json\/wp\/v2\/media?parent=19614"}],"wp:term":[{"taxonomy":"category","embeddable":true,"href":"https:\/\/www.locoxelrojo.com\/independiente\/wp-json\/wp\/v2\/categories?post=19614"},{"taxonomy":"post_tag","embeddable":true,"href":"https:\/\/www.locoxelrojo.com\/independiente\/wp-json\/wp\/v2\/tags?post=19614"}],"curies":[{"name":"wp","href":"https:\/\/api.w.org\/{rel}","templated":true}]}}