{"id":19622,"date":"2012-07-24T22:35:48","date_gmt":"2012-07-25T01:35:48","guid":{"rendered":"http:\/\/www.locoxelrojo.com.ar\/independiente\/?p=19622"},"modified":"2012-07-24T22:51:38","modified_gmt":"2012-07-25T01:51:38","slug":"leguizamon-firmo-y-es-el-sexto-refuerzo","status":"publish","type":"post","link":"https:\/\/www.locoxelrojo.com\/independiente\/2012\/07\/24\/leguizamon-firmo-y-es-el-sexto-refuerzo\/","title":{"rendered":"Leguizam\u00f3n firm\u00f3 y es el sexto refuerzo"},"content":{"rendered":"<p><a href=\"http:\/\/www.locoxelrojo.com.ar\/independiente\/wp-content\/uploads\/2012\/07\/Leguizam\u00f3n-4.jpg\"><img loading=\"lazy\" class=\"alignnone size-full wp-image-19634\" title=\"Leguizam\u00f3n 4\" src=\"http:\/\/www.locoxelrojo.com.ar\/independiente\/wp-content\/uploads\/2012\/07\/Leguizam\u00f3n-4.jpg\" alt=\"\" width=\"590\" height=\"315\" srcset=\"https:\/\/locoxelrojo.com\/independiente\/wp-content\/uploads\/2012\/07\/Leguizam\u00f3n-4.jpg 590w, https:\/\/locoxelrojo.com\/independiente\/wp-content\/uploads\/2012\/07\/Leguizam\u00f3n-4-300x160.jpg 300w\" sizes=\"(max-width: 590px) 100vw, 590px\" \/><\/a><\/p>\n<p><span style=\"font-weight: bold;\">Luciano Leguizam\u00f3n acaba de firmar esta noche su contrato con Independiente por tres a\u00f1os. Llega como jugador libre de Arsenal. El Rojo sorprende a todos con su sexta incorporaci\u00f3n.<\/span><\/p>\n<p>Se hablaba de cuatro delanteros, &#8220;Legui&#8221; era uno de ellos. Cuando parec\u00eda una tarde tranquila en cuanto a incorporaciones, <strong>hubo una reuni\u00f3n fugaz entre Juan Carlos Ver\u00f3n, representante del jugador, y dirigentes de Independiente. R\u00e1pidamente se arregl\u00f3 todo y llamaron al delantero ex Arsenal para que vaya a la sede.<\/strong><\/p>\n<p>Luego de analizar los detalles pertinentes, Leguizam\u00f3n lleg\u00f3 a la sede de Avenida Mitre 470 y estamp\u00f3 la firma para convertirse en el sexto refuerzo oficial de Independiente. <strong>El jugador llega por tres a\u00f1os con el pase en su poder. Cristian D\u00edaz salta de alegr\u00eda.<\/strong><\/p>\n<p><strong><em>Foto: Carlos Maidana<\/em><\/strong><\/p>\n","protected":false},"excerpt":{"rendered":"<p>Luciano Leguizam\u00f3n acaba de firmar esta noche su contrato con Independiente por tres a\u00f1os. Llega como jugador libre de Arsenal. El Rojo sorprende a todos con su sexta incorporaci\u00f3n. Se hablaba de cuatro delanteros, &#8220;Legui&#8221; era uno de ellos. Cuando parec\u00eda una tarde tranquila en cuanto a incorporaciones, hubo una reuni\u00f3n fugaz entre Juan Carlos [&hellip;]<\/p>\n","protected":false},"author":11,"featured_media":0,"comment_status":"open","ping_status":"open","sticky":false,"template":"","format":"standard","meta":{"_links_to":"","_links_to_target":""},"categories":[3,1],"tags":[1099,153,188,1646,1644],"_links":{"self":[{"href":"https:\/\/www.locoxelrojo.com\/independiente\/wp-json\/wp\/v2\/posts\/19622"}],"collection":[{"href":"https:\/\/www.locoxelrojo.com\/independiente\/wp-json\/wp\/v2\/posts"}],"about":[{"href":"https:\/\/www.locoxelrojo.com\/independiente\/wp-json\/wp\/v2\/types\/post"}],"author":[{"embeddable":true,"href":"https:\/\/www.locoxelrojo.com\/independiente\/wp-json\/wp\/v2\/users\/11"}],"replies":[{"embeddable":true,"href":"https:\/\/www.locoxelrojo.com\/independiente\/wp-json\/wp\/v2\/comments?post=19622"}],"version-history":[{"count":0,"href":"https:\/\/www.locoxelrojo.com\/independiente\/wp-json\/wp\/v2\/posts\/19622\/revisions"}],"wp:attachment":[{"href":"https:\/\/www.locoxelrojo.com\/independiente\/wp-json\/wp\/v2\/media?parent=19622"}],"wp:term":[{"taxonomy":"category","embeddable":true,"href":"https:\/\/www.locoxelrojo.com\/independiente\/wp-json\/wp\/v2\/categories?post=19622"},{"taxonomy":"post_tag","embeddable":true,"href":"https:\/\/www.locoxelrojo.com\/independiente\/wp-json\/wp\/v2\/tags?post=19622"}],"curies":[{"name":"wp","href":"https:\/\/api.w.org\/{rel}","templated":true}]}}