{"id":19642,"date":"2012-07-24T23:24:37","date_gmt":"2012-07-25T02:24:37","guid":{"rendered":"http:\/\/www.locoxelrojo.com.ar\/independiente\/?p=19642"},"modified":"2015-09-25T18:48:31","modified_gmt":"2015-09-25T21:48:31","slug":"cantero-lo-de-victorino-depende-de-jugador","status":"publish","type":"post","link":"https:\/\/www.locoxelrojo.com\/independiente\/2012\/07\/24\/cantero-lo-de-victorino-depende-de-jugador\/","title":{"rendered":"Cantero: &#8220;Lo de Victorino depende del jugador&#8221;"},"content":{"rendered":"<p><a href=\"http:\/\/www.locoxelrojo.com.ar\/independiente\/wp-content\/uploads\/2012\/07\/Javier_Cantero_Independiente_Presidente.jpg\"><img loading=\"lazy\" class=\"alignnone size-full wp-image-19643\" title=\"Javier_Cantero_Independiente_Presidente\" src=\"http:\/\/www.locoxelrojo.com.ar\/independiente\/wp-content\/uploads\/2012\/07\/Javier_Cantero_Independiente_Presidente.jpg\" alt=\"\" width=\"590\" height=\"315\" srcset=\"https:\/\/locoxelrojo.com\/independiente\/wp-content\/uploads\/2012\/07\/Javier_Cantero_Independiente_Presidente.jpg 590w, https:\/\/locoxelrojo.com\/independiente\/wp-content\/uploads\/2012\/07\/Javier_Cantero_Independiente_Presidente-300x160.jpg 300w\" sizes=\"(max-width: 590px) 100vw, 590px\" \/><\/a><\/p>\n<p><strong>Javier Cantero <\/strong>destac\u00f3 la negociaci\u00f3n por Leguizam\u00f3n en donde Independiente le gan\u00f3 de mano a otros competidores del mercado local. Adem\u00e1s, aclar\u00f3 que la incorporaci\u00f3n de Victorino depende de su desvinculaci\u00f3n en Brasil. <strong>&#8220;Estamos armando el mejor plantel posible para este torneo&#8221;<\/strong>, sostuvo en di\u00e1logo con el programa partidario Orgullo Rojo.<\/p>\n<p>Luego, agreg\u00f3: <strong>&#8220;Me dec\u00edan polera porque no ten\u00eda cierre,ahora concretamos.Todav\u00eda me queda el trabajo de levantar inhibiciones&#8221;.<\/strong> Yendo a la nueva incorporaci\u00f3n, Luciano Leguizam\u00f3n, explic\u00f3:<strong> &#8220;Habia varios clubes que lo quer\u00edan . Estamos muy contentos. Tiene la categoria suficiente para acompa\u00f1ar a Farias y potenciar a los j\u00f3venes.&#8221;<\/strong><\/p>\n<p>Consultado sobre la posibilidad de cerrar el pase de Victorino, aclar\u00f3 que<strong> &#8220;el jugador debe arreglar su desvinculaci\u00f3nde Brasil y para que se haga la transferencia el club depende de eso.&#8221; <\/strong>Por \u00faltimo, asegur\u00f3 que lo de Vargas ya est\u00e1 cerrado y el jueves llegar\u00e1 al pa\u00eds para estampar la firma.<\/p>\n","protected":false},"excerpt":{"rendered":"<p>Javier Cantero destac\u00f3 la negociaci\u00f3n por Leguizam\u00f3n en donde Independiente le gan\u00f3 de mano a otros competidores del mercado local. Adem\u00e1s, aclar\u00f3 que la incorporaci\u00f3n de Victorino depende de su desvinculaci\u00f3n en Brasil. &#8220;Estamos armando el mejor plantel posible para este torneo&#8221;, sostuvo en di\u00e1logo con el programa partidario Orgullo Rojo. Luego, agreg\u00f3: &#8220;Me dec\u00edan [&hellip;]<\/p>\n","protected":false},"author":1,"featured_media":0,"comment_status":"open","ping_status":"open","sticky":false,"template":"","format":"standard","meta":{"_links_to":"","_links_to_target":""},"categories":[3,1],"tags":[153,946,1560,723,1644,1621],"_links":{"self":[{"href":"https:\/\/www.locoxelrojo.com\/independiente\/wp-json\/wp\/v2\/posts\/19642"}],"collection":[{"href":"https:\/\/www.locoxelrojo.com\/independiente\/wp-json\/wp\/v2\/posts"}],"about":[{"href":"https:\/\/www.locoxelrojo.com\/independiente\/wp-json\/wp\/v2\/types\/post"}],"author":[{"embeddable":true,"href":"https:\/\/www.locoxelrojo.com\/independiente\/wp-json\/wp\/v2\/users\/1"}],"replies":[{"embeddable":true,"href":"https:\/\/www.locoxelrojo.com\/independiente\/wp-json\/wp\/v2\/comments?post=19642"}],"version-history":[{"count":0,"href":"https:\/\/www.locoxelrojo.com\/independiente\/wp-json\/wp\/v2\/posts\/19642\/revisions"}],"wp:attachment":[{"href":"https:\/\/www.locoxelrojo.com\/independiente\/wp-json\/wp\/v2\/media?parent=19642"}],"wp:term":[{"taxonomy":"category","embeddable":true,"href":"https:\/\/www.locoxelrojo.com\/independiente\/wp-json\/wp\/v2\/categories?post=19642"},{"taxonomy":"post_tag","embeddable":true,"href":"https:\/\/www.locoxelrojo.com\/independiente\/wp-json\/wp\/v2\/tags?post=19642"}],"curies":[{"name":"wp","href":"https:\/\/api.w.org\/{rel}","templated":true}]}}