{"id":1970,"date":"2010-10-12T06:11:48","date_gmt":"2010-10-12T08:11:48","guid":{"rendered":"http:\/\/www.locoxelrojo.com.ar\/independiente\/?p=1970"},"modified":"2015-09-09T04:21:20","modified_gmt":"2015-09-09T07:21:20","slug":"fallecio-luis-rodriguez-intendente-de-la-sede-social","status":"publish","type":"post","link":"https:\/\/www.locoxelrojo.com\/independiente\/2010\/10\/12\/fallecio-luis-rodriguez-intendente-de-la-sede-social\/","title":{"rendered":"Falleci\u00f3 Luis Rodr\u00edguez, Intendente de la Sede Social"},"content":{"rendered":"<p><a href=\"http:\/\/www.locoxelrojo.com.ar\/independiente\/wp-content\/uploads\/2010\/10\/luisrodriguez.jpg\"><img loading=\"lazy\" class=\"alignnone size-full wp-image-1971\" title=\"luisrodriguez\" src=\"http:\/\/www.locoxelrojo.com.ar\/independiente\/wp-content\/uploads\/2010\/10\/luisrodriguez.jpg\" alt=\"\" width=\"550\" height=\"315\" srcset=\"https:\/\/locoxelrojo.com\/independiente\/wp-content\/uploads\/2010\/10\/luisrodriguez.jpg 550w, https:\/\/locoxelrojo.com\/independiente\/wp-content\/uploads\/2010\/10\/luisrodriguez-300x171.jpg 300w\" sizes=\"(max-width: 550px) 100vw, 550px\" \/><\/a><\/p>\n<p>El Intendente de la Sede Social falleci\u00f3 este lunes por la noche luego de una larga enfermedad.<\/p>\n<p>Luis Rodr\u00edguez tambi\u00e9n\u00a0era integrante de la actual Comisi\u00f3n Directiva, ocupando el cargo de 1\u00ba vocal suplente.<\/p>\n<p>Sus restos ser\u00e1n velados desde esta noche en la cocher\u00eda Lombardo, ubicada en Hip\u00f3lito Yrigoyen 4788, Lan\u00fas, y este martes de 8 a 14 hs.<\/p>\n<p>Nuestro m\u00e1s sentido p\u00e9same a su familia. Luis significa una gran perdida para la familia de Independiente, siendo un\u00a0tremendo dolor para todos aquellos que lo conocimos y compartimos nuestros d\u00edas en la Sede Social.<\/p>\n<p><strong>ESTE MARTES LA SEDE SOCIAL PERMANECER\u00c1 CERRADA Y NO HABRA ACTIVIDADES<\/strong><\/p>\n<p><strong>Prensa Cai<\/strong><\/p>\n","protected":false},"excerpt":{"rendered":"<p>El Intendente de la Sede Social falleci\u00f3 este lunes por la noche luego de una larga enfermedad. Luis Rodr\u00edguez tambi\u00e9n\u00a0era integrante de la actual Comisi\u00f3n Directiva, ocupando el cargo de 1\u00ba vocal suplente. Sus restos ser\u00e1n velados desde esta noche en la cocher\u00eda Lombardo, ubicada en Hip\u00f3lito Yrigoyen 4788, Lan\u00fas, y este martes de 8 [&hellip;]<\/p>\n","protected":false},"author":1,"featured_media":0,"comment_status":"open","ping_status":"open","sticky":false,"template":"","format":"standard","meta":{"_links_to":"","_links_to_target":""},"categories":[4,1],"tags":[149],"_links":{"self":[{"href":"https:\/\/www.locoxelrojo.com\/independiente\/wp-json\/wp\/v2\/posts\/1970"}],"collection":[{"href":"https:\/\/www.locoxelrojo.com\/independiente\/wp-json\/wp\/v2\/posts"}],"about":[{"href":"https:\/\/www.locoxelrojo.com\/independiente\/wp-json\/wp\/v2\/types\/post"}],"author":[{"embeddable":true,"href":"https:\/\/www.locoxelrojo.com\/independiente\/wp-json\/wp\/v2\/users\/1"}],"replies":[{"embeddable":true,"href":"https:\/\/www.locoxelrojo.com\/independiente\/wp-json\/wp\/v2\/comments?post=1970"}],"version-history":[{"count":0,"href":"https:\/\/www.locoxelrojo.com\/independiente\/wp-json\/wp\/v2\/posts\/1970\/revisions"}],"wp:attachment":[{"href":"https:\/\/www.locoxelrojo.com\/independiente\/wp-json\/wp\/v2\/media?parent=1970"}],"wp:term":[{"taxonomy":"category","embeddable":true,"href":"https:\/\/www.locoxelrojo.com\/independiente\/wp-json\/wp\/v2\/categories?post=1970"},{"taxonomy":"post_tag","embeddable":true,"href":"https:\/\/www.locoxelrojo.com\/independiente\/wp-json\/wp\/v2\/tags?post=1970"}],"curies":[{"name":"wp","href":"https:\/\/api.w.org\/{rel}","templated":true}]}}