{"id":19998,"date":"2012-08-02T15:05:35","date_gmt":"2012-08-02T18:05:35","guid":{"rendered":"http:\/\/www.locoxelrojo.com.ar\/independiente\/?p=19998"},"modified":"2012-08-02T15:05:35","modified_gmt":"2012-08-02T18:05:35","slug":"morel-rodriguez-por-ahi-peleamos-el-torneo","status":"publish","type":"post","link":"https:\/\/www.locoxelrojo.com\/independiente\/2012\/08\/02\/morel-rodriguez-por-ahi-peleamos-el-torneo\/","title":{"rendered":"Morel Rodr\u00edguez: &#8220;Por ah\u00ed peleamos el torneo&#8221;"},"content":{"rendered":"<p><a href=\"http:\/\/www.locoxelrojo.com.ar\/independiente\/wp-content\/uploads\/2012\/08\/morel-independiente.jpg\"><img loading=\"lazy\" class=\"alignnone size-full wp-image-19999\" title=\"morel-independiente\" src=\"http:\/\/www.locoxelrojo.com.ar\/independiente\/wp-content\/uploads\/2012\/08\/morel-independiente.jpg\" alt=\"\" width=\"590\" height=\"315\" srcset=\"https:\/\/locoxelrojo.com\/independiente\/wp-content\/uploads\/2012\/08\/morel-independiente.jpg 590w, https:\/\/locoxelrojo.com\/independiente\/wp-content\/uploads\/2012\/08\/morel-independiente-300x160.jpg 300w\" sizes=\"(max-width: 590px) 100vw, 590px\" \/><\/a><\/p>\n<p>Claudio Morel Rodr\u00edguez, el refuerzo que m\u00e1s se destac\u00f3 en el Cl\u00e1sico de Invierno frente a Racing, dialog\u00f3 con 90 minutos por Fox Sports y nuevamente se mostr\u00f3 muy contento por su llegada a Independiente. Adem\u00e1s se lo vio optimista de cara al futuro y puso al Rojo como un posible candidato al t\u00edtulo.<\/p>\n<p><strong>&#8220;Va a ser un a\u00f1o duro, muy dif\u00edcil. Trataremos de que no sea tan as\u00ed. Los que llegamos nuevos y los que ya estaban, estamos con ganas de cambiar esta situaci\u00f3n. Al tener tantas ganas de salir de esta situaci\u00f3n, por ah\u00ed peleamos el torneo&#8221;<\/strong>, dijo el defensor.<\/p>\n<p>Tambi\u00e9n se anim\u00f3 a participar de la consigna del d\u00eda del programa. <strong>&#8220;El candidato al t\u00edtulo es Independiente, la revelaci\u00f3n Fabi\u00e1n Monserrat, la figura el colombiano Vargas y el goleador el Tecla Far\u00edas&#8221;<\/strong>, tir\u00f3 confiado.<\/p>\n<p>Cristian D\u00edaz lo tiene en mente como uno de los t\u00edtulares para el debut del s\u00e1bado. Lo cierto, es que todav\u00eda restan levantar algunas inhibiciones y que lleguen los transfers, por eso no esta del todo confirmada su presencia.<strong> &#8220;Me preocupo por el tema habilitaciones, pero todav\u00eda no le pregunte a los dirigentes como est\u00e1 ese tema. Se que est\u00e1n trabajando para solucionarlo y que todos podamos jugar. Seguro recibir\u00e9 alg\u00fan llamado en estas horas con m\u00e1s novedades&#8221;<\/strong>, cerr\u00f3.<\/p>\n","protected":false},"excerpt":{"rendered":"<p>Claudio Morel Rodr\u00edguez, el refuerzo que m\u00e1s se destac\u00f3 en el Cl\u00e1sico de Invierno frente a Racing, dialog\u00f3 con 90 minutos por Fox Sports y nuevamente se mostr\u00f3 muy contento por su llegada a Independiente. Adem\u00e1s se lo vio optimista de cara al futuro y puso al Rojo como un posible candidato al t\u00edtulo. &#8220;Va [&hellip;]<\/p>\n","protected":false},"author":1,"featured_media":0,"comment_status":"open","ping_status":"open","sticky":false,"template":"","format":"standard","meta":{"_links_to":"","_links_to_target":""},"categories":[3,1],"tags":[563,1620,153,946,984,1560,350],"_links":{"self":[{"href":"https:\/\/www.locoxelrojo.com\/independiente\/wp-json\/wp\/v2\/posts\/19998"}],"collection":[{"href":"https:\/\/www.locoxelrojo.com\/independiente\/wp-json\/wp\/v2\/posts"}],"about":[{"href":"https:\/\/www.locoxelrojo.com\/independiente\/wp-json\/wp\/v2\/types\/post"}],"author":[{"embeddable":true,"href":"https:\/\/www.locoxelrojo.com\/independiente\/wp-json\/wp\/v2\/users\/1"}],"replies":[{"embeddable":true,"href":"https:\/\/www.locoxelrojo.com\/independiente\/wp-json\/wp\/v2\/comments?post=19998"}],"version-history":[{"count":0,"href":"https:\/\/www.locoxelrojo.com\/independiente\/wp-json\/wp\/v2\/posts\/19998\/revisions"}],"wp:attachment":[{"href":"https:\/\/www.locoxelrojo.com\/independiente\/wp-json\/wp\/v2\/media?parent=19998"}],"wp:term":[{"taxonomy":"category","embeddable":true,"href":"https:\/\/www.locoxelrojo.com\/independiente\/wp-json\/wp\/v2\/categories?post=19998"},{"taxonomy":"post_tag","embeddable":true,"href":"https:\/\/www.locoxelrojo.com\/independiente\/wp-json\/wp\/v2\/tags?post=19998"}],"curies":[{"name":"wp","href":"https:\/\/api.w.org\/{rel}","templated":true}]}}