{"id":20050,"date":"2012-08-03T17:50:41","date_gmt":"2012-08-03T20:50:41","guid":{"rendered":"http:\/\/www.locoxelrojo.com.ar\/independiente\/?p=20050"},"modified":"2012-08-03T17:50:41","modified_gmt":"2012-08-03T20:50:41","slug":"entrenamiento-y-viaje-a-rosario","status":"publish","type":"post","link":"https:\/\/www.locoxelrojo.com\/independiente\/2012\/08\/03\/entrenamiento-y-viaje-a-rosario\/","title":{"rendered":"Entrenamiento y viaje a Rosario"},"content":{"rendered":"<p><a href=\"http:\/\/www.locoxelrojo.com.ar\/independiente\/wp-content\/uploads\/2012\/08\/cai_ezeiza_viaje.jpg\"><img loading=\"lazy\" class=\"alignnone size-full wp-image-20051\" title=\"cai_ezeiza_viaje\" src=\"http:\/\/www.locoxelrojo.com.ar\/independiente\/wp-content\/uploads\/2012\/08\/cai_ezeiza_viaje.jpg\" alt=\"\" width=\"590\" height=\"315\" srcset=\"https:\/\/locoxelrojo.com\/independiente\/wp-content\/uploads\/2012\/08\/cai_ezeiza_viaje.jpg 590w, https:\/\/locoxelrojo.com\/independiente\/wp-content\/uploads\/2012\/08\/cai_ezeiza_viaje-300x160.jpg 300w\" sizes=\"(max-width: 590px) 100vw, 590px\" \/><\/a><\/p>\n<p>Independiente finaliz\u00f3 con su semana de trabajo previo al comienzo del Torneo Inicial 2012. El Rojo tuvo su \u00faltima practica en el predio de la AFA en Ezeiza esta ma\u00f1ana y luego del almuerzo emprendieron viaje a Rosario para enfrentar a Newell\u00b4s ma\u00f1ana s\u00e1bado a las 20.20 hs.<\/p>\n<p>A puertas cerradas, <strong>Cristian D\u00edaz dispuso trabajos t\u00e1cticos y mucha pelota parada<\/strong>. De no haber complicaciones con las habilitaciones, los once que debutan en el Inicial son: <strong>Hilario Navarro; Gabriel Vall\u00e9s, Eduardo Tuzzio, Cristian Tula, Claudio Morel Rodr\u00edguez; Hern\u00e1n Fredes, Roberto Batti\u00f3n, V\u00edctor Zapata; Paulo Rosales; Luciano Leguizam\u00f3n y Ernesto Far\u00edas.<\/strong><\/p>\n<p><strong>Al finalizar la pr\u00e1ctica, hubo un almuerzo y la delegaci\u00f3n emprendi\u00f3 viaje a Rosario, donde quedaran concentrados esperando el partido frente a Newell\u00b4s y que lleguen las buenas noticias sobre los transfers que habiliten a los refuerzos.<\/strong><\/p>\n","protected":false},"excerpt":{"rendered":"<p>Independiente finaliz\u00f3 con su semana de trabajo previo al comienzo del Torneo Inicial 2012. El Rojo tuvo su \u00faltima practica en el predio de la AFA en Ezeiza esta ma\u00f1ana y luego del almuerzo emprendieron viaje a Rosario para enfrentar a Newell\u00b4s ma\u00f1ana s\u00e1bado a las 20.20 hs. A puertas cerradas, Cristian D\u00edaz dispuso trabajos [&hellip;]<\/p>\n","protected":false},"author":1,"featured_media":0,"comment_status":"open","ping_status":"open","sticky":false,"template":"","format":"standard","meta":{"_links_to":"","_links_to_target":""},"categories":[3,1],"tags":[218,153,188,967,183],"_links":{"self":[{"href":"https:\/\/www.locoxelrojo.com\/independiente\/wp-json\/wp\/v2\/posts\/20050"}],"collection":[{"href":"https:\/\/www.locoxelrojo.com\/independiente\/wp-json\/wp\/v2\/posts"}],"about":[{"href":"https:\/\/www.locoxelrojo.com\/independiente\/wp-json\/wp\/v2\/types\/post"}],"author":[{"embeddable":true,"href":"https:\/\/www.locoxelrojo.com\/independiente\/wp-json\/wp\/v2\/users\/1"}],"replies":[{"embeddable":true,"href":"https:\/\/www.locoxelrojo.com\/independiente\/wp-json\/wp\/v2\/comments?post=20050"}],"version-history":[{"count":0,"href":"https:\/\/www.locoxelrojo.com\/independiente\/wp-json\/wp\/v2\/posts\/20050\/revisions"}],"wp:attachment":[{"href":"https:\/\/www.locoxelrojo.com\/independiente\/wp-json\/wp\/v2\/media?parent=20050"}],"wp:term":[{"taxonomy":"category","embeddable":true,"href":"https:\/\/www.locoxelrojo.com\/independiente\/wp-json\/wp\/v2\/categories?post=20050"},{"taxonomy":"post_tag","embeddable":true,"href":"https:\/\/www.locoxelrojo.com\/independiente\/wp-json\/wp\/v2\/tags?post=20050"}],"curies":[{"name":"wp","href":"https:\/\/api.w.org\/{rel}","templated":true}]}}