{"id":20060,"date":"2012-08-03T23:36:32","date_gmt":"2012-08-04T02:36:32","guid":{"rendered":"http:\/\/www.locoxelrojo.com.ar\/independiente\/?p=20060"},"modified":"2012-08-03T23:38:32","modified_gmt":"2012-08-04T02:38:32","slug":"%c2%a1optimismo-sobra","status":"publish","type":"post","link":"https:\/\/www.locoxelrojo.com\/independiente\/2012\/08\/03\/%c2%a1optimismo-sobra\/","title":{"rendered":"\u00a1Optimismo sobra!"},"content":{"rendered":"<p><a href=\"http:\/\/www.locoxelrojo.com.ar\/independiente\/wp-content\/uploads\/2012\/08\/Independiente_Festejo.jpg\"><img loading=\"lazy\" class=\"alignnone size-full wp-image-20061\" title=\"Independiente_Festejo\" src=\"http:\/\/www.locoxelrojo.com.ar\/independiente\/wp-content\/uploads\/2012\/08\/Independiente_Festejo.jpg\" alt=\"\" width=\"590\" height=\"315\" srcset=\"https:\/\/locoxelrojo.com\/independiente\/wp-content\/uploads\/2012\/08\/Independiente_Festejo.jpg 590w, https:\/\/locoxelrojo.com\/independiente\/wp-content\/uploads\/2012\/08\/Independiente_Festejo-300x160.jpg 300w\" sizes=\"(max-width: 590px) 100vw, 590px\" \/><\/a><\/p>\n<p><strong>LocoXelRojo le pregunt\u00f3 al hincha de Independiente sobre c\u00f3mo cree que el equipo terminar\u00e1 el campeonato y el 62% de los encuestados consdier\u00f3 que entre los 5 primeros. <\/strong>Pero esto no es todo, <strong>el 25% ve a los dirigidos por Cristian D\u00edaz como campeones del Apertura <\/strong>que comenzar\u00e1 ma\u00f1ana para el Rojo.<\/p>\n<p>M\u00e1s de 1.000 personas contestaron a la consigna propuesta el \u00faltimo lunes. Lo<strong>s menos optimistas apenas ascendieron al 13 por ciento de los votos: el 8% coloc\u00f3 a Independiente entre el quinto y el d\u00e9cimo puesto, mientras que el 5 % lo situ\u00f3 de mitad de tabla hacia abajo.<\/strong><\/p>\n<p>\u00a1Ya pod\u00e9s participar de la pr\u00f3xima encuesta! \u00bfTe interesa la Copa Sudamericana? Ingres\u00e1 a la columna derecha de nuestra <a href=\"http:\/\/www.locoxelrojo.com.ar\">home<\/a> y vot\u00e1 por s\u00ed o por no.<\/p>\n","protected":false},"excerpt":{"rendered":"<p>LocoXelRojo le pregunt\u00f3 al hincha de Independiente sobre c\u00f3mo cree que el equipo terminar\u00e1 el campeonato y el 62% de los encuestados consdier\u00f3 que entre los 5 primeros. Pero esto no es todo, el 25% ve a los dirigidos por Cristian D\u00edaz como campeones del Apertura que comenzar\u00e1 ma\u00f1ana para el Rojo. M\u00e1s de 1.000 [&hellip;]<\/p>\n","protected":false},"author":1,"featured_media":0,"comment_status":"open","ping_status":"open","sticky":false,"template":"","format":"standard","meta":{"_links_to":"","_links_to_target":""},"categories":[3,1],"tags":[153,188,1632],"_links":{"self":[{"href":"https:\/\/www.locoxelrojo.com\/independiente\/wp-json\/wp\/v2\/posts\/20060"}],"collection":[{"href":"https:\/\/www.locoxelrojo.com\/independiente\/wp-json\/wp\/v2\/posts"}],"about":[{"href":"https:\/\/www.locoxelrojo.com\/independiente\/wp-json\/wp\/v2\/types\/post"}],"author":[{"embeddable":true,"href":"https:\/\/www.locoxelrojo.com\/independiente\/wp-json\/wp\/v2\/users\/1"}],"replies":[{"embeddable":true,"href":"https:\/\/www.locoxelrojo.com\/independiente\/wp-json\/wp\/v2\/comments?post=20060"}],"version-history":[{"count":0,"href":"https:\/\/www.locoxelrojo.com\/independiente\/wp-json\/wp\/v2\/posts\/20060\/revisions"}],"wp:attachment":[{"href":"https:\/\/www.locoxelrojo.com\/independiente\/wp-json\/wp\/v2\/media?parent=20060"}],"wp:term":[{"taxonomy":"category","embeddable":true,"href":"https:\/\/www.locoxelrojo.com\/independiente\/wp-json\/wp\/v2\/categories?post=20060"},{"taxonomy":"post_tag","embeddable":true,"href":"https:\/\/www.locoxelrojo.com\/independiente\/wp-json\/wp\/v2\/tags?post=20060"}],"curies":[{"name":"wp","href":"https:\/\/api.w.org\/{rel}","templated":true}]}}