{"id":2014,"date":"2010-10-13T19:47:58","date_gmt":"2010-10-13T21:47:58","guid":{"rendered":"http:\/\/www.locoxelrojo.com.ar\/independiente\/?p=2014"},"modified":"2015-09-09T04:25:25","modified_gmt":"2015-09-09T07:25:25","slug":"venta-de-entradas-vs-defensor-sporting","status":"publish","type":"post","link":"https:\/\/www.locoxelrojo.com\/independiente\/2010\/10\/13\/venta-de-entradas-vs-defensor-sporting\/","title":{"rendered":"Venta de entradas vs. Defensor Sporting"},"content":{"rendered":"<p><a href=\"http:\/\/www.locoxelrojo.com.ar\/independiente\/wp-content\/uploads\/2010\/10\/libertadores.jpg\"><img loading=\"lazy\" class=\"alignnone size-full wp-image-2015\" title=\"libertadores\" src=\"http:\/\/www.locoxelrojo.com.ar\/independiente\/wp-content\/uploads\/2010\/10\/libertadores.jpg\" alt=\"\" width=\"550\" height=\"315\" srcset=\"https:\/\/locoxelrojo.com\/independiente\/wp-content\/uploads\/2010\/10\/libertadores.jpg 550w, https:\/\/locoxelrojo.com\/independiente\/wp-content\/uploads\/2010\/10\/libertadores-300x171.jpg 300w\" sizes=\"(max-width: 550px) 100vw, 550px\" \/><\/a><\/p>\n<table border=\"0\" width=\"99%\" cellspacing=\"2\" cellpadding=\"0\">\n<tbody>\n<tr>\n<td id=\"txt\" colspan=\"2\">La venta arranca este viernes de 11 a 17 hs en las sedes de Mitre y Boyac\u00e1. Sigue s\u00e1bado y lunes.S\u00e1bado de 10 a 16 hs y lunes de 11 a 17 hs, en los mismos lugares.<\/p>\n<p>Los <strong>abonados a plateas<\/strong> tienen tiempo de adquirir sus ubicaciones hasta el lunes, en los mismos lugares y horarios.<\/p>\n<p>Las personas con <strong>certificado de discapacidad<\/strong> deber\u00e1n presentarse en los lugares y horarios de venta para acreditarse para el ingreso al Estadio.<\/p>\n<p><strong>VITALICIOS Y DAMAS:<\/strong> INGRESAN SIN CARGO A SU SECTOR CON EL CARNET. EN CASO DE QUE DESEEN IR A OTRO LUGAR DEL ESTADIO, DEBEN ABONAR COMO SOCIO.<\/p>\n<p><strong>EL PARTIDO ANTE DEFENSOR SPORTING SE JUEGA EL MARTES 19 DE OCTUBRE A LAS 19:20 HS. La terna arbitral ser\u00e1 brasilera: Wilson Seneme, Ednilson Corona y Marcio Santiago.<\/strong><\/p>\n<table border=\"1\" cellspacing=\"0\" cellpadding=\"0\">\n<colgroup span=\"1\"><\/colgroup>\n<colgroup span=\"1\">\n<col span=\"1\" width=\"148\" \/>\n<col span=\"3\" width=\"80\" \/> <\/colgroup>\n<tbody>\n<tr>\n<td width=\"148\" height=\"20\"><strong>PLATEAS<\/strong><\/td>\n<td width=\"80\"><strong>ABONADO<\/strong><\/td>\n<td width=\"80\"><strong>SOCIOS<\/strong><\/td>\n<td width=\"80\"><strong>INVITADOS<\/strong><\/td>\n<\/tr>\n<tr>\n<td height=\"20\"><strong>Alta Norte<\/strong><\/td>\n<td><\/td>\n<td>$ 50<\/td>\n<td>$ 80<\/td>\n<\/tr>\n<tr>\n<td height=\"20\"><strong>Erico Alta<\/strong><\/td>\n<td>$ 40<\/td>\n<td>$ 70<\/td>\n<td>$ 120<\/td>\n<\/tr>\n<tr>\n<td height=\"20\"><strong>Erico Baja<\/strong><\/td>\n<td>$ 40<\/td>\n<td>$ 100<\/td>\n<td>$ 140<\/td>\n<\/tr>\n<tr>\n<td height=\"20\"><strong>Palco Oficial<\/strong><\/td>\n<td>$ 40<\/td>\n<td>$ 160<\/td>\n<td>$ 220<\/td>\n<\/tr>\n<tr>\n<td height=\"20\"><strong>Gargantas 1 y 2<\/strong><\/td>\n<td>$ 40<\/td>\n<td>$ 100<\/td>\n<td>$ 140<\/td>\n<\/tr>\n<\/tbody>\n<\/table>\n<p>&nbsp;<\/p>\n<table border=\"1\" cellspacing=\"0\" cellpadding=\"0\">\n<colgroup span=\"1\"><\/colgroup>\n<colgroup>\n<col span=\"1\" width=\"148\" \/>\n<col span=\"2\" width=\"80\" \/> <\/colgroup>\n<tbody>\n<tr>\n<td width=\"148\" height=\"20\"><strong>TRIBUNAS<\/strong><\/td>\n<td width=\"80\"><strong>SOCIOS<\/strong><\/td>\n<td width=\"80\"><strong>INVITADOS<\/strong><\/td>\n<\/tr>\n<tr>\n<td height=\"20\"><strong>Social Norte Baja<\/strong><\/td>\n<td>$ 30<\/td>\n<td><\/td>\n<\/tr>\n<tr>\n<td height=\"20\"><strong>Social Sur Baja<\/strong><\/td>\n<td>$ 30<\/td>\n<td>$ 60<\/td>\n<\/tr>\n<tr>\n<td height=\"20\"><strong>Visitante Sur Alta<\/strong><\/td>\n<td><\/td>\n<td>$ 40<\/td>\n<\/tr>\n<\/tbody>\n<\/table>\n<p><strong>INGRESOS AL ESTADIO:<\/strong><\/p>\n<p><strong>Platea Erico Alta y Baja, Palcos y Gargantas:<\/strong> Puertas 1 y 2 por calle Alsina.<\/p>\n<p><strong>Platea Norte Alta:<\/strong> Puerta 3 por calle Alsina.<\/p>\n<p><strong>Vitalicios y Damas:<\/strong> Puerta 5 por calle Bochini.<\/p>\n<p><strong>Social Norte Baja:<\/strong> Puerta 4 por calle Bochini.<\/p>\n<p><strong>Social Sur Baja:<\/strong> Puerta 7 por Alsina y calle nueva (ubicada entre el\u00a0play\u00f3n de\u00a0Erico y las v\u00edas)<\/p>\n<p><strong>Popular visitante:<\/strong> Puerta 6 por calle\u00a0Italia.<\/p>\n<p><img loading=\"lazy\" src=\"http:\/\/www.caindependiente.com\/News_imgs\/estadio-plano-puertas.jpg\" alt=\"\" width=\"559\" height=\"500\" \/><\/p>\n<p>+<\/p>\n<p>INFORMACI\u00d3N SOLICITADA POR EL DEPARTAMENTO DE PRENSA DEL CLUB ATL\u00c9TICO INDEPENDIENTE<\/td>\n<\/tr>\n<\/tbody>\n<\/table>\n","protected":false},"excerpt":{"rendered":"<p>La venta arranca este viernes de 11 a 17 hs en las sedes de Mitre y Boyac\u00e1. Sigue s\u00e1bado y lunes.S\u00e1bado de 10 a 16 hs y lunes de 11 a 17 hs, en los mismos lugares. Los abonados a plateas tienen tiempo de adquirir sus ubicaciones hasta el lunes, en los mismos lugares y [&hellip;]<\/p>\n","protected":false},"author":1,"featured_media":0,"comment_status":"open","ping_status":"open","sticky":false,"template":"","format":"standard","meta":{"_links_to":"","_links_to_target":""},"categories":[1,19],"tags":[153,347,164,20],"_links":{"self":[{"href":"https:\/\/www.locoxelrojo.com\/independiente\/wp-json\/wp\/v2\/posts\/2014"}],"collection":[{"href":"https:\/\/www.locoxelrojo.com\/independiente\/wp-json\/wp\/v2\/posts"}],"about":[{"href":"https:\/\/www.locoxelrojo.com\/independiente\/wp-json\/wp\/v2\/types\/post"}],"author":[{"embeddable":true,"href":"https:\/\/www.locoxelrojo.com\/independiente\/wp-json\/wp\/v2\/users\/1"}],"replies":[{"embeddable":true,"href":"https:\/\/www.locoxelrojo.com\/independiente\/wp-json\/wp\/v2\/comments?post=2014"}],"version-history":[{"count":0,"href":"https:\/\/www.locoxelrojo.com\/independiente\/wp-json\/wp\/v2\/posts\/2014\/revisions"}],"wp:attachment":[{"href":"https:\/\/www.locoxelrojo.com\/independiente\/wp-json\/wp\/v2\/media?parent=2014"}],"wp:term":[{"taxonomy":"category","embeddable":true,"href":"https:\/\/www.locoxelrojo.com\/independiente\/wp-json\/wp\/v2\/categories?post=2014"},{"taxonomy":"post_tag","embeddable":true,"href":"https:\/\/www.locoxelrojo.com\/independiente\/wp-json\/wp\/v2\/tags?post=2014"}],"curies":[{"name":"wp","href":"https:\/\/api.w.org\/{rel}","templated":true}]}}