{"id":2018,"date":"2010-10-14T02:21:01","date_gmt":"2010-10-14T04:21:01","guid":{"rendered":"http:\/\/www.locoxelrojo.com.ar\/independiente\/?p=2018"},"modified":"2015-09-09T04:25:41","modified_gmt":"2015-09-09T07:25:41","slug":"gabriel-valles-nos-vamos-adaptando-al-sistema-del-turco","status":"publish","type":"post","link":"https:\/\/www.locoxelrojo.com\/independiente\/2010\/10\/14\/gabriel-valles-nos-vamos-adaptando-al-sistema-del-turco\/","title":{"rendered":"Vall\u00e9s: &#8220;Nos vamos adaptando al sistema del Turco&#8221;"},"content":{"rendered":"<p><img loading=\"lazy\" class=\"alignnone\" title=\"Valles\" src=\"http:\/\/www.locoxelrojo.com.ar\/independiente\/wp-content\/uploads\/2010\/10\/valles_gabriel.jpg\" alt=\"\" width=\"550\" height=\"315\" \/><\/p>\n<p>Gabriel Vall\u00e9s dialog\u00f3 con Lautaro Salucho en el vestuario de Independiente luego del entrenamiento vespertino. El n\u00famero 4, har\u00e1 lo propio m\u00e1s adelantado teniendo en cuenta que Independiente formar\u00e1 con linea de 3 en Floresta. Es por eso que ante la pregunta en el <strong>Noticiero de TyC Sports, Sportia<\/strong>, el ex Godoy Cruz dijo que <strong>&#8220;al ser el sistema que al t\u00e9cnico que le gusta, de a poco nos vamos a ir adaptando&#8221;<\/strong>.<\/p>\n<p>En cuanto al balance personal, Vall\u00e9s explic\u00f3 que es <strong>&#8220;un mano a mano con el carrilero del otro equipo y se llega m\u00e1s al ataque aunque no hay que descuidar la defensa&#8221;<\/strong>. Tal es el motivo por el cual el jugador se manifiesta contento y <strong>&#8220;expectante sabiendo que es muy bueno que a cualquiera le toque jugar cuando le toque&#8221;.<\/strong><\/p>\n<p>Respecto al pr\u00f3ximo rival, Vall\u00e9s dijo que <strong>&#8220;es un buen equipo y que en su cancha se hace fuerte, por ende, hay que estar bien para tratar de ganarlo&#8221;.<\/strong> Si bien el cl\u00e1sico levant\u00f3 en lo an\u00edmico y era necesario, el 4 explic\u00f3 que<strong> &#8220;hay que seguir sumando para levantar m\u00e1s&#8221;.<\/strong><\/p>\n<p>Para cerrar, su balance personal pasa por <strong>&#8220;mejorar cosas siempre y nunca estancarse con lo que uno tiene para seguir progresando.&#8221;<\/strong><\/p>\n","protected":false},"excerpt":{"rendered":"<p>Gabriel Vall\u00e9s dialog\u00f3 con Lautaro Salucho en el vestuario de Independiente luego del entrenamiento vespertino. El n\u00famero 4, har\u00e1 lo propio m\u00e1s adelantado teniendo en cuenta que Independiente formar\u00e1 con linea de 3 en Floresta. Es por eso que ante la pregunta en el Noticiero de TyC Sports, Sportia, el ex Godoy Cruz dijo que [&hellip;]<\/p>\n","protected":false},"author":1,"featured_media":0,"comment_status":"open","ping_status":"open","sticky":false,"template":"","format":"standard","meta":{"_links_to":"","_links_to_target":""},"categories":[3,1],"tags":[40],"_links":{"self":[{"href":"https:\/\/www.locoxelrojo.com\/independiente\/wp-json\/wp\/v2\/posts\/2018"}],"collection":[{"href":"https:\/\/www.locoxelrojo.com\/independiente\/wp-json\/wp\/v2\/posts"}],"about":[{"href":"https:\/\/www.locoxelrojo.com\/independiente\/wp-json\/wp\/v2\/types\/post"}],"author":[{"embeddable":true,"href":"https:\/\/www.locoxelrojo.com\/independiente\/wp-json\/wp\/v2\/users\/1"}],"replies":[{"embeddable":true,"href":"https:\/\/www.locoxelrojo.com\/independiente\/wp-json\/wp\/v2\/comments?post=2018"}],"version-history":[{"count":0,"href":"https:\/\/www.locoxelrojo.com\/independiente\/wp-json\/wp\/v2\/posts\/2018\/revisions"}],"wp:attachment":[{"href":"https:\/\/www.locoxelrojo.com\/independiente\/wp-json\/wp\/v2\/media?parent=2018"}],"wp:term":[{"taxonomy":"category","embeddable":true,"href":"https:\/\/www.locoxelrojo.com\/independiente\/wp-json\/wp\/v2\/categories?post=2018"},{"taxonomy":"post_tag","embeddable":true,"href":"https:\/\/www.locoxelrojo.com\/independiente\/wp-json\/wp\/v2\/tags?post=2018"}],"curies":[{"name":"wp","href":"https:\/\/api.w.org\/{rel}","templated":true}]}}